{"id":450,"date":"2012-05-14T19:24:38","date_gmt":"2012-05-14T19:24:38","guid":{"rendered":"http:\/\/colproba.org.ar\/j\/2012\/05\/14\/puesta-en-marcha-de-la-mediacion-prejud-obligatoria-2\/"},"modified":"2012-05-14T19:24:38","modified_gmt":"2012-05-14T19:24:38","slug":"puesta-en-marcha-de-la-mediacion-prejud-obligatoria-2","status":"publish","type":"post","link":"https:\/\/colproba.org.ar\/l\/2012\/05\/14\/puesta-en-marcha-de-la-mediacion-prejud-obligatoria-2\/","title":{"rendered":"Puesta en marcha de la mediaci\u00f3n prejud. obligatoria"},"content":{"rendered":"<h2 class=\"MsoNormal\" style=\"text-align: justify;\">Para hacer m\u00e1s eficiente y agilizar el servicio de justicia<\/h2>\n<p><img decoding=\"async\" class=\" alignright size-full wp-image-448\" src=\"http:\/\/colproba.org.ar\/j\/wp-content\/uploads\/2012\/05\/mediacion_2.JPG\" border=\"0\" width=\"326\" height=\"244\" style=\"float: right;\" srcset=\"https:\/\/colproba.org.ar\/l\/wp-content\/uploads\/2012\/05\/mediacion_2-300x225.jpg 300w, https:\/\/colproba.org.ar\/l\/wp-content\/uploads\/2012\/05\/mediacion_2.JPG 480w\" sizes=\"(max-width: 326px) 100vw, 326px\" \/><\/p>\n<p class=\"MsoNormal\" style=\"text-align: justify;\">Se llev\u00f3 a cabo en el Palacio de Gobierno el acto de puesta en marcha de la Ley de Mediaci\u00f3n N\u00b0 13.951 que establece con car\u00e1cter obligatorio la Mediaci\u00f3n previa a todo juicio, con el objeto de promover y facilitar la comunicaci\u00f3n directa entre las partes que permita la soluci\u00f3n del conflicto<\/p>\n<p class=\"MsoNormal\" style=\"text-align: justify;\">La Mediaci\u00f3n Prejudicial Obligatoria prev\u00e9 el sorteo de un juzgado y un mediador, quien fijar\u00e1 la fecha de audiencia dentro de un plazo de cinco d\u00edas a la que deber\u00e1n comparecer las partes, mientras que los implicado tendr\u00e1n un plazo de 60 d\u00edas corridos para resolver el conflicto. Si vencido ese plazo no se hubiera arribado a una soluci\u00f3n, se labrar\u00e1 acta y quedar\u00e1 expedita la v\u00eda judicial.<\/p>\n<p class=\"MsoNormal\" style=\"text-align: justify;\">El presidente del Colegio de Abogados, Gerardo Rafael Salas, agradeci\u00f3 al Gobernador y al Ministro de Justicia y Seguridad, porque \u201cdespu\u00e9s de 20 a\u00f1os de luchar y bregar por esta ley, lleg\u00f3 el d\u00eda tan ansiado donde se brindar\u00e1 a la sociedad una herramienta para resolver los conflictos; un mediador preparado y calificado que guiar\u00e1 a las partes para lograr a trav\u00e9s de la  autocomposici\u00f3n el arribo a la soluci\u00f3n de sus problemas.\u201d<\/p>\n<p class=\"MsoNormal\" style=\"text-align: justify;\">Destac\u00f3 el haber sido convocados para trabajar en la mediaci\u00f3n, \u201ccompromiso que asumimos con las universidades y la fundaci\u00f3n CIJUSO para llegar a \u00e9ste d\u00eda y nos comprometemos a mantenernos atentos en  el mejoramiento del sistema que se inicia, con el objeto de dar un mejor servicio de justicia para toda la sociedad\u201d.<\/p>\n<p class=\"MsoNormal\" style=\"text-align: justify;\"><img decoding=\"async\" class=\" alignleft size-full wp-image-449\" src=\"http:\/\/colproba.org.ar\/j\/wp-content\/uploads\/2012\/05\/mediacion_1.JPG\" border=\"0\" width=\"214\" height=\"160\" align=\"left\" srcset=\"https:\/\/colproba.org.ar\/l\/wp-content\/uploads\/2012\/05\/mediacion_1-300x225.jpg 300w, https:\/\/colproba.org.ar\/l\/wp-content\/uploads\/2012\/05\/mediacion_1.JPG 480w\" sizes=\"(max-width: 214px) 100vw, 214px\" \/>El Gobernador Scioli finaliz\u00f3 el acto agradeciendo el respaldo del COLPROBA que junto a las Universidades coordinaron la capacitaci\u00f3n para m\u00e1s de 1.500 profesionales que hoy \u201casumen esta responsabilidad para descomprimir la Justicia y de esta manera dar un nuevo servicio a los ciudadanos de la  Provincia, contribuyendo asimismo a la organizaci\u00f3n del servicio de justicia y permiten dar un salto cualitativo en ese sentido\u201d.<\/p>\n<p class=\"MsoNormal\" style=\"text-align: justify;\">Estuvieron presentes el Jefe de Gabinete, Alberto P\u00e9rez; los ministros Ricardo Casal (Justicia y Seguridad) y Cristina \u00c1lvarez Rodr\u00edguez (Gobierno); los secretarios Juan Courel (Comunicaci\u00f3n P\u00fablica), Pablo Navarro (Ni\u00f1ez y Adolescencia) y Eduardo Aparicio (Espacio P\u00fablico); el ministro de la Suprema Corte, doctor Eduardo Julio Pettigiani; y dem\u00e1s subsecretarios y autoridades de Colegios de Abogados, Caja de Previsi\u00f3n y Magistrados.<\/p>\n","protected":false},"excerpt":{"rendered":"<p>Para hacer m\u00e1s eficiente y agilizar el servicio de justicia Se llev\u00f3 a cabo en el Palacio de Gobierno el acto de puesta en marcha de la Ley de Mediaci\u00f3n N\u00b0 13.951 que establece con car\u00e1cter obligatorio la Mediaci\u00f3n previa a todo juicio, con el objeto de promover y facilitar la comunicaci\u00f3n directa entre las  [&#8230;]<\/p>\n","protected":false},"author":1,"featured_media":448,"comment_status":"open","ping_status":"open","sticky":false,"template":"","format":"standard","meta":{"_exactmetrics_skip_tracking":false,"_exactmetrics_sitenote_active":false,"_exactmetrics_sitenote_note":"","_exactmetrics_sitenote_category":0,"footnotes":""},"categories":[1],"tags":[],"class_list":["post-450","post","type-post","status-publish","format-standard","has-post-thumbnail","hentry","category-noticias"],"_links":{"self":[{"href":"https:\/\/colproba.org.ar\/l\/wp-json\/wp\/v2\/posts\/450","targetHints":{"allow":["GET"]}}],"collection":[{"href":"https:\/\/colproba.org.ar\/l\/wp-json\/wp\/v2\/posts"}],"about":[{"href":"https:\/\/colproba.org.ar\/l\/wp-json\/wp\/v2\/types\/post"}],"author":[{"embeddable":true,"href":"https:\/\/colproba.org.ar\/l\/wp-json\/wp\/v2\/users\/1"}],"replies":[{"embeddable":true,"href":"https:\/\/colproba.org.ar\/l\/wp-json\/wp\/v2\/comments?post=450"}],"version-history":[{"count":0,"href":"https:\/\/colproba.org.ar\/l\/wp-json\/wp\/v2\/posts\/450\/revisions"}],"wp:featuredmedia":[{"embeddable":true,"href":"https:\/\/colproba.org.ar\/l\/wp-json\/wp\/v2\/media\/448"}],"wp:attachment":[{"href":"https:\/\/colproba.org.ar\/l\/wp-json\/wp\/v2\/media?parent=450"}],"wp:term":[{"taxonomy":"category","embeddable":true,"href":"https:\/\/colproba.org.ar\/l\/wp-json\/wp\/v2\/categories?post=450"},{"taxonomy":"post_tag","embeddable":true,"href":"https:\/\/colproba.org.ar\/l\/wp-json\/wp\/v2\/tags?post=450"}],"curies":[{"name":"wp","href":"https:\/\/api.w.org\/{rel}","templated":true}]}}