{"id":341,"date":"2011-04-01T16:13:11","date_gmt":"2011-04-01T16:13:11","guid":{"rendered":"http:\/\/colproba.org.ar\/j\/2011\/04\/01\/ante-el-conflicto-judicial\/"},"modified":"2011-04-01T16:13:11","modified_gmt":"2011-04-01T16:13:11","slug":"ante-el-conflicto-judicial","status":"publish","type":"post","link":"https:\/\/colproba.org.ar\/l\/2011\/04\/01\/ante-el-conflicto-judicial\/","title":{"rendered":"Ante el conflicto judicial"},"content":{"rendered":"<p>Con motivo de las medidas de fuerza que lleva adelante la Asociaci\u00f3n Judicial Bonaerense, en la b\u00fasqueda de respuestas a diversos reclamos, y que dificultan sobremanera la prestaci\u00f3n del servicio de justicia en detrimento de los justiciables y de la labor profesional, se informa que el Colegio de Abogados de la Provincia de Buenos Aires ha iniciado urgentes contactos con las autoridades pertinentes del Poder Judicial y del Poder Ejecutivo y la Asociaci\u00f3n Judicial Bonaerense, a fin de buscar alternativas que permitan solucionar este conflicto a la mayor brevedad.<\/p>\n<p>Consejo Superior, Colegio de Abogados de la Pcia. De Bs.As.\u201d<\/p>\n","protected":false},"excerpt":{"rendered":"<p>Con motivo de las medidas de fuerza que lleva adelante la Asociaci\u00f3n Judicial Bonaerense, en la b\u00fasqueda de respuestas a diversos reclamos, y que dificultan sobremanera la prestaci\u00f3n del servicio de justicia en detrimento de los justiciables y de la labor profesional, se informa que el Colegio de Abogados de la Provincia de Buenos Aires  [&#8230;]<\/p>\n","protected":false},"author":1,"featured_media":0,"comment_status":"open","ping_status":"open","sticky":false,"template":"","format":"standard","meta":{"_exactmetrics_skip_tracking":false,"_exactmetrics_sitenote_active":false,"_exactmetrics_sitenote_note":"","_exactmetrics_sitenote_category":0,"footnotes":""},"categories":[1],"tags":[],"class_list":["post-341","post","type-post","status-publish","format-standard","hentry","category-noticias"],"_links":{"self":[{"href":"https:\/\/colproba.org.ar\/l\/wp-json\/wp\/v2\/posts\/341","targetHints":{"allow":["GET"]}}],"collection":[{"href":"https:\/\/colproba.org.ar\/l\/wp-json\/wp\/v2\/posts"}],"about":[{"href":"https:\/\/colproba.org.ar\/l\/wp-json\/wp\/v2\/types\/post"}],"author":[{"embeddable":true,"href":"https:\/\/colproba.org.ar\/l\/wp-json\/wp\/v2\/users\/1"}],"replies":[{"embeddable":true,"href":"https:\/\/colproba.org.ar\/l\/wp-json\/wp\/v2\/comments?post=341"}],"version-history":[{"count":0,"href":"https:\/\/colproba.org.ar\/l\/wp-json\/wp\/v2\/posts\/341\/revisions"}],"wp:attachment":[{"href":"https:\/\/colproba.org.ar\/l\/wp-json\/wp\/v2\/media?parent=341"}],"wp:term":[{"taxonomy":"category","embeddable":true,"href":"https:\/\/colproba.org.ar\/l\/wp-json\/wp\/v2\/categories?post=341"},{"taxonomy":"post_tag","embeddable":true,"href":"https:\/\/colproba.org.ar\/l\/wp-json\/wp\/v2\/tags?post=341"}],"curies":[{"name":"wp","href":"https:\/\/api.w.org\/{rel}","templated":true}]}}