{"id":20875,"date":"2026-08-31T16:36:30","date_gmt":"2026-08-31T19:36:30","guid":{"rendered":"https:\/\/colproba.org.ar\/l\/?p=20875"},"modified":"2026-08-31T16:57:36","modified_gmt":"2026-08-31T19:57:36","slug":"defensores-y-asesores-ad-hoc-mesa-de-trabajo","status":"publish","type":"post","link":"https:\/\/colproba.org.ar\/l\/2026\/08\/31\/defensores-y-asesores-ad-hoc-mesa-de-trabajo\/","title":{"rendered":"DEFENSORES Y ASESORES AD HOC- MESA DE TRABAJO"},"content":{"rendered":"<div class=\"fusion-fullwidth fullwidth-box fusion-builder-row-1 fusion-flex-container has-pattern-background has-mask-background nonhundred-percent-fullwidth non-hundred-percent-height-scrolling\" style=\"--awb-border-radius-top-left:0px;--awb-border-radius-top-right:0px;--awb-border-radius-bottom-right:0px;--awb-border-radius-bottom-left:0px;--awb-padding-left:26px;--awb-flex-wrap:wrap;\" ><div class=\"fusion-builder-row fusion-row fusion-flex-align-items-flex-start fusion-flex-content-wrap\" style=\"max-width:1248;margin-left: calc(-4% \/ 2 );margin-right: calc(-4% \/ 2 );\"><div class=\"fusion-layout-column fusion_builder_column fusion-builder-column-0 fusion_builder_column_1_1 1_1 fusion-flex-column\" style=\"--awb-bg-size:cover;--awb-width-large:100%;--awb-margin-top-large:0px;--awb-spacing-right-large:1.92%;--awb-margin-bottom-large:20px;--awb-spacing-left-large:0%;--awb-width-medium:100%;--awb-order-medium:0;--awb-spacing-right-medium:1.92%;--awb-spacing-left-medium:0%;--awb-width-small:100%;--awb-order-small:0;--awb-spacing-right-small:1.92%;--awb-spacing-left-small:1.92%;\"><div class=\"fusion-column-wrapper fusion-column-has-shadow fusion-flex-justify-content-flex-start fusion-content-layout-row\"><div class=\"fusion-text fusion-text-1\"><h5>Se llev\u00f3 a cabo una nueva reuni\u00f3n, en la sede del COLPROBA, en el marco del trabajo que se viene desarrollando, relativo a los defensores y asesores ad hoc.<\/h5>\n<p>En la ocasi\u00f3n el Dr. Juan Pablo Cremonte (Vicepresidente 2\u00b0 del Colegio de Abogados de la provincia de Buenos Aires), recibi\u00f3 a los representantes del Ministerio P\u00fablico, la Suprema Corte de Justicia, la Direcci\u00f3n de Justicia de Paz y el Colegio de Abogados de la provincia de Buenos Aires, se trat\u00f3 de una reuni\u00f3n de Mesa Chica sobre temas reglamentarios y aspectos jur\u00eddicos vinculados con el Acuerdo 4061.<\/p>\n<p>Durante el encuentro se identificaron como ejes de trabajo cuestiones vinculadas con la actuaci\u00f3n de los abogados y abogadas ad hoc, entre ellas: renuncias, excusaciones y recusaciones, licencias, potestad disciplinaria, beneficio de litigar sin gastos, mecanismos de designaci\u00f3n, domicilio, v\u00edas incidentales y regulaci\u00f3n de honorarios y actuaci\u00f3n profesional fuera del mandato.<\/p>\n<p>Como primer avance, se acord\u00f3 relevar los mecanismos actualmente utilizados para la designaci\u00f3n de defensores ad hoc, con el objetivo de conocer las distintas pr\u00e1cticas y evaluar la posibilidad de establecer pautas uniformes para toda la Provincia.<br \/>\nAsimismo, se plante\u00f3 la necesidad de precisar el alcance de la potestad disciplinaria respecto de defensores y asesores ad hoc. En este marco, representantes del Ministerio P\u00fablico asumieron el compromiso de elaborar un anteproyecto de reglamentaci\u00f3n que establezca pautas claras y mayor previsibilidad para los profesionales que ingresan y se desempe\u00f1an en el sistema DEAS.<\/p>\n<\/div><div class=\"fusion-image-element \" style=\"--awb-caption-title-font-family:var(--h2_typography-font-family);--awb-caption-title-font-weight:var(--h2_typography-font-weight);--awb-caption-title-font-style:var(--h2_typography-font-style);--awb-caption-title-size:var(--h2_typography-font-size);--awb-caption-title-transform:var(--h2_typography-text-transform);--awb-caption-title-line-height:var(--h2_typography-line-height);--awb-caption-title-letter-spacing:var(--h2_typography-letter-spacing);\"><span class=\" fusion-imageframe imageframe-none imageframe-1 hover-type-none\"><img decoding=\"async\" width=\"1260\" height=\"873\" title=\"WhatsApp Image 2026-08-31 at 11.41.33\" src=\"https:\/\/colproba.org.ar\/l\/wp-content\/uploads\/2026\/08\/WhatsApp-Image-2026-08-31-at-11.41.33.jpeg\" alt class=\"img-responsive wp-image-20882\" srcset=\"https:\/\/colproba.org.ar\/l\/wp-content\/uploads\/2026\/08\/WhatsApp-Image-2026-08-31-at-11.41.33-200x139.jpeg 200w, https:\/\/colproba.org.ar\/l\/wp-content\/uploads\/2026\/08\/WhatsApp-Image-2026-08-31-at-11.41.33-400x277.jpeg 400w, https:\/\/colproba.org.ar\/l\/wp-content\/uploads\/2026\/08\/WhatsApp-Image-2026-08-31-at-11.41.33-600x416.jpeg 600w, https:\/\/colproba.org.ar\/l\/wp-content\/uploads\/2026\/08\/WhatsApp-Image-2026-08-31-at-11.41.33-800x554.jpeg 800w, https:\/\/colproba.org.ar\/l\/wp-content\/uploads\/2026\/08\/WhatsApp-Image-2026-08-31-at-11.41.33-1200x831.jpeg 1200w, https:\/\/colproba.org.ar\/l\/wp-content\/uploads\/2026\/08\/WhatsApp-Image-2026-08-31-at-11.41.33.jpeg 1260w\" sizes=\"(max-width: 640px) 100vw, 1200px\" \/><\/span><\/div><\/div><\/div><\/div><\/div>\n","protected":false},"excerpt":{"rendered":"","protected":false},"author":2,"featured_media":20876,"comment_status":"closed","ping_status":"closed","sticky":false,"template":"","format":"standard","meta":{"_exactmetrics_skip_tracking":false,"_exactmetrics_sitenote_active":false,"_exactmetrics_sitenote_note":"","_exactmetrics_sitenote_category":0,"footnotes":""},"categories":[1,299],"tags":[267,104,295,114,355,322],"class_list":["post-20875","post","type-post","status-publish","format-standard","has-post-thumbnail","hentry","category-noticias","category-tenes-que-saber","tag-abogadas","tag-abogados","tag-ad-hoc","tag-colproba","tag-deas","tag-reunion"],"_links":{"self":[{"href":"https:\/\/colproba.org.ar\/l\/wp-json\/wp\/v2\/posts\/20875","targetHints":{"allow":["GET"]}}],"collection":[{"href":"https:\/\/colproba.org.ar\/l\/wp-json\/wp\/v2\/posts"}],"about":[{"href":"https:\/\/colproba.org.ar\/l\/wp-json\/wp\/v2\/types\/post"}],"author":[{"embeddable":true,"href":"https:\/\/colproba.org.ar\/l\/wp-json\/wp\/v2\/users\/2"}],"replies":[{"embeddable":true,"href":"https:\/\/colproba.org.ar\/l\/wp-json\/wp\/v2\/comments?post=20875"}],"version-history":[{"count":5,"href":"https:\/\/colproba.org.ar\/l\/wp-json\/wp\/v2\/posts\/20875\/revisions"}],"predecessor-version":[{"id":20883,"href":"https:\/\/colproba.org.ar\/l\/wp-json\/wp\/v2\/posts\/20875\/revisions\/20883"}],"wp:featuredmedia":[{"embeddable":true,"href":"https:\/\/colproba.org.ar\/l\/wp-json\/wp\/v2\/media\/20876"}],"wp:attachment":[{"href":"https:\/\/colproba.org.ar\/l\/wp-json\/wp\/v2\/media?parent=20875"}],"wp:term":[{"taxonomy":"category","embeddable":true,"href":"https:\/\/colproba.org.ar\/l\/wp-json\/wp\/v2\/categories?post=20875"},{"taxonomy":"post_tag","embeddable":true,"href":"https:\/\/colproba.org.ar\/l\/wp-json\/wp\/v2\/tags?post=20875"}],"curies":[{"name":"wp","href":"https:\/\/api.w.org\/{rel}","templated":true}]}}