{"id":20456,"date":"2026-04-29T20:00:46","date_gmt":"2026-04-29T23:00:46","guid":{"rendered":"https:\/\/colproba.org.ar\/l\/?p=20456"},"modified":"2026-04-29T20:21:23","modified_gmt":"2026-04-29T23:21:23","slug":"capacitacion-obligatoria-para-abogado-as-que-se-desempenen-como-defensores-y-asesores-ad-hoc-ante-la-justicia-de-paz-acuerdo-n-4061-actualizacion-2026","status":"publish","type":"post","link":"https:\/\/colproba.org.ar\/l\/2026\/04\/29\/capacitacion-obligatoria-para-abogado-as-que-se-desempenen-como-defensores-y-asesores-ad-hoc-ante-la-justicia-de-paz-acuerdo-n-4061-actualizacion-2026\/","title":{"rendered":"CAPACITACI\u00d3N OBLIGATORIA PARA ABOGADO\/AS QUE SE DESEMPE\u00d1EN COMO DEFENSORES Y ASESORES AD HOC ANTE LA JUSTICIA DE PAZ (ACUERDO N\u00b0 4061): ACTUALIZACI\u00d3N 2026"},"content":{"rendered":"<div class=\"fusion-fullwidth fullwidth-box fusion-builder-row-1 fusion-flex-container has-pattern-background has-mask-background nonhundred-percent-fullwidth non-hundred-percent-height-scrolling\" style=\"--awb-border-radius-top-left:0px;--awb-border-radius-top-right:0px;--awb-border-radius-bottom-right:0px;--awb-border-radius-bottom-left:0px;--awb-padding-right:24px;--awb-padding-left:25px;--awb-flex-wrap:wrap;\" ><div class=\"fusion-builder-row fusion-row fusion-flex-align-items-flex-start fusion-flex-content-wrap\" style=\"max-width:1248;margin-left: calc(-4% \/ 2 );margin-right: calc(-4% \/ 2 );\"><div class=\"fusion-layout-column fusion_builder_column fusion-builder-column-0 fusion_builder_column_1_1 1_1 fusion-flex-column\" style=\"--awb-padding-right:20px;--awb-bg-size:cover;--awb-width-large:100%;--awb-margin-top-large:0px;--awb-spacing-right-large:0%;--awb-margin-bottom-large:20px;--awb-spacing-left-large:0%;--awb-width-medium:100%;--awb-order-medium:0;--awb-spacing-right-medium:0%;--awb-spacing-left-medium:0%;--awb-width-small:100%;--awb-order-small:0;--awb-spacing-right-small:1.92%;--awb-spacing-left-small:1.92%;\"><div class=\"fusion-column-wrapper fusion-column-has-shadow fusion-flex-justify-content-flex-start fusion-content-layout-column\"><div class=\"fusion-text fusion-text-1\"><p>En el marco del Acuerdo 4061 de la Suprema Corte de Justicia de la Provincia de Buenos Aires, se encomend\u00f3 al Instituto de Estudios Judiciales de la SCBA, en coordinaci\u00f3n con el Centro de Capacitaci\u00f3n del Ministerio P\u00fablico de la Provincia de Buenos Aires y el Colegio de Abogados provincial (COLPROBA), la elaboraci\u00f3n de un plan integral de capacitaci\u00f3n permanente, gratuita y especializada, destinado a abogados y abogadas que se desempe\u00f1en como defensores y asesores ad hoc ante la Justicia de Paz.<\/p>\n<p>El programa, estructurado en dos m\u00f3dulos \u2014introductorio y de actualizaci\u00f3n\u2014, aborda contenidos esenciales para el adecuado ejercicio profesional en la materia y tiene como objetivo fortalecer la formaci\u00f3n espec\u00edfica de quienes intervienen en este \u00e1mbito.<\/p>\n<p>El <em>m\u00f3dulo introductorio<\/em> debe ser aprobado por \u00fanica vez por todos los profesionales que aspiren a desempe\u00f1arse como defensores o asesores ad hoc ante la Justicia de Paz. Una vez cumplido este requisito, no resulta necesario volver a cursarlo. Por su parte, los <em>m\u00f3dulos de actualizaci\u00f3n<\/em> son de aprobaci\u00f3n obligatoria y peri\u00f3dica, debiendo acreditarse cada nueva edici\u00f3n anual para mantener la habilitaci\u00f3n correspondiente. As\u00ed, quienes ya cuenten con el m\u00f3dulo introductorio aprobado deber\u00e1n completar tambi\u00e9n las actualizaciones vigentes \u2014como las correspondientes a 2025 y 2026\u2014 y las que se establezcan en adelante.<\/p>\n<p>A la fecha, 3.485 abogados y abogadas de la provincia han aprobado el m\u00f3dulo introductorio, mientras que 2.408 completaron satisfactoriamente el m\u00f3dulo de actualizaci\u00f3n 2025.<\/p>\n<p>Se informa que el <strong>mi\u00e9rcoles 29 de abril<\/strong> se habilitar\u00e1 el m\u00f3dulo de actualizaci\u00f3n 2026. Asimismo, a partir del <strong>1 de julio de 2026<\/strong> ser\u00e1 requisito indispensable, para actuar como defensor o asesor ad hoc ante la Justicia de Paz, contar con la aprobaci\u00f3n del m\u00f3dulo introductorio y del m\u00f3dulo de actualizaci\u00f3n 2026.<\/p>\n<p>En el caso de quienes se inscriban por primera vez durante 2026, deber\u00e1n acreditar la aprobaci\u00f3n de ambos m\u00f3dulos y, si la inscripci\u00f3n se realiza antes del 1 de julio, tambi\u00e9n se les exigir\u00e1 la aprobaci\u00f3n del m\u00f3dulo de actualizaci\u00f3n 2025. Si la inscripci\u00f3n es posterior a esa fecha, s\u00f3lo les ser\u00e1 exigible el m\u00f3dulo introductorio y el de actualizaci\u00f3n 2026.<\/p>\n<p>Para mayor informaci\u00f3n, las personas interesadas podr\u00e1n dirigirse al Colegio de Abogados del departamento judicial al que pertenezcan.<\/p>\n<p>Acceso al Campus Ad Hoc:\u00a0<a href=\"https:\/\/campusadhoc.mpba.gov.ar\/\">https:\/\/campusadhoc.mpba.gov.ar\/<\/a><\/p>\n<\/div><\/div><\/div><\/div><\/div>\n","protected":false},"excerpt":{"rendered":"","protected":false},"author":2,"featured_media":20457,"comment_status":"closed","ping_status":"closed","sticky":false,"template":"","format":"standard","meta":{"_exactmetrics_skip_tracking":false,"_exactmetrics_sitenote_active":false,"_exactmetrics_sitenote_note":"","_exactmetrics_sitenote_category":0,"footnotes":""},"categories":[1,299],"tags":[267,104,295,483,114,482,107],"class_list":["post-20456","post","type-post","status-publish","format-standard","has-post-thumbnail","hentry","category-noticias","category-tenes-que-saber","tag-abogadas","tag-abogados","tag-ad-hoc","tag-asesores","tag-colproba","tag-defensores","tag-scba"],"_links":{"self":[{"href":"https:\/\/colproba.org.ar\/l\/wp-json\/wp\/v2\/posts\/20456","targetHints":{"allow":["GET"]}}],"collection":[{"href":"https:\/\/colproba.org.ar\/l\/wp-json\/wp\/v2\/posts"}],"about":[{"href":"https:\/\/colproba.org.ar\/l\/wp-json\/wp\/v2\/types\/post"}],"author":[{"embeddable":true,"href":"https:\/\/colproba.org.ar\/l\/wp-json\/wp\/v2\/users\/2"}],"replies":[{"embeddable":true,"href":"https:\/\/colproba.org.ar\/l\/wp-json\/wp\/v2\/comments?post=20456"}],"version-history":[{"count":4,"href":"https:\/\/colproba.org.ar\/l\/wp-json\/wp\/v2\/posts\/20456\/revisions"}],"predecessor-version":[{"id":20461,"href":"https:\/\/colproba.org.ar\/l\/wp-json\/wp\/v2\/posts\/20456\/revisions\/20461"}],"wp:featuredmedia":[{"embeddable":true,"href":"https:\/\/colproba.org.ar\/l\/wp-json\/wp\/v2\/media\/20457"}],"wp:attachment":[{"href":"https:\/\/colproba.org.ar\/l\/wp-json\/wp\/v2\/media?parent=20456"}],"wp:term":[{"taxonomy":"category","embeddable":true,"href":"https:\/\/colproba.org.ar\/l\/wp-json\/wp\/v2\/categories?post=20456"},{"taxonomy":"post_tag","embeddable":true,"href":"https:\/\/colproba.org.ar\/l\/wp-json\/wp\/v2\/tags?post=20456"}],"curies":[{"name":"wp","href":"https:\/\/api.w.org\/{rel}","templated":true}]}}