{"id":20438,"date":"2026-04-28T20:27:16","date_gmt":"2026-04-28T23:27:16","guid":{"rendered":"https:\/\/colproba.org.ar\/l\/?p=20438"},"modified":"2026-04-28T20:27:16","modified_gmt":"2026-04-28T23:27:16","slug":"cobertura-de-vacantes-y-autarquia-judicial-fuerte-respaldo-de-la-abogacia-bonaerense-al-proyecto-de-la-scba","status":"publish","type":"post","link":"https:\/\/colproba.org.ar\/l\/2026\/04\/28\/cobertura-de-vacantes-y-autarquia-judicial-fuerte-respaldo-de-la-abogacia-bonaerense-al-proyecto-de-la-scba\/","title":{"rendered":"COBERTURA DE VACANTES Y AUTARQU\u00cdA JUDICIAL: FUERTE RESPALDO DE LA ABOGAC\u00cdA BONAERENSE AL PROYECTO DE LA SCBA"},"content":{"rendered":"<div class=\"fusion-fullwidth fullwidth-box fusion-builder-row-1 fusion-flex-container has-pattern-background has-mask-background nonhundred-percent-fullwidth non-hundred-percent-height-scrolling\" style=\"--awb-border-radius-top-left:0px;--awb-border-radius-top-right:0px;--awb-border-radius-bottom-right:0px;--awb-border-radius-bottom-left:0px;--awb-flex-wrap:wrap;\" ><div class=\"fusion-builder-row fusion-row fusion-flex-align-items-flex-start fusion-flex-content-wrap\" style=\"max-width:1248;margin-left: calc(-4% \/ 2 );margin-right: calc(-4% \/ 2 );\"><div class=\"fusion-layout-column fusion_builder_column fusion-builder-column-0 fusion_builder_column_1_1 1_1 fusion-flex-column\" style=\"--awb-bg-size:cover;--awb-width-large:100%;--awb-margin-top-large:0px;--awb-spacing-right-large:1.92%;--awb-margin-bottom-large:20px;--awb-spacing-left-large:1.92%;--awb-width-medium:100%;--awb-order-medium:0;--awb-spacing-right-medium:1.92%;--awb-spacing-left-medium:1.92%;--awb-width-small:100%;--awb-order-small:0;--awb-spacing-right-small:1.92%;--awb-spacing-left-small:1.92%;\"><div class=\"fusion-column-wrapper fusion-column-has-shadow fusion-flex-justify-content-flex-start fusion-content-layout-column\"><div class=\"fusion-text fusion-text-1\"><h4>En un acto institucional encabezado por su presidente, Sergio Gabriel Torres, la Suprema Corte de Justicia de la Provincia de Buenos Aires exhort\u00f3 a la urgente cobertura de vacantes en el Tribunal y present\u00f3 el Proyecto de Autonom\u00eda Presupuestaria y Autarqu\u00eda Econ\u00f3mica para el Poder Judicial.<\/h4>\n<p>Junto al vicepresidente Daniel Fernando Soria, la ministra Hilda Kogan y el Procurador General Julio Conte-Grand, el titular del Tribunal remarc\u00f3 que completar la integraci\u00f3n de la Corte \u2014actualmente con tres de sus siete miembros\u2014 es una condici\u00f3n indispensable para garantizar el adecuado funcionamiento institucional, la coherencia en la direcci\u00f3n del Poder Judicial y la legitimidad de sus decisiones.<\/p>\n<p>En ese marco, se destac\u00f3 especialmente el acompa\u00f1amiento activo de la abogac\u00eda bonaerense, representada por el Colegio de Abogados de la Provincia de Buenos Aires, cuyo presidente, Bienvenido Rodr\u00edguez Basalo, particip\u00f3 de la convocatoria y suscribi\u00f3 el proyecto presentado. La presencia institucional del COLPROBA y de los colegios departamentales puso de manifiesto el compromiso sostenido de los abogados y abogadas de la provincia con el fortalecimiento del sistema judicial.<\/p>\n<p>Al presentar el proyecto de autarqu\u00eda, Torres subray\u00f3 que no se trata de una concesi\u00f3n pol\u00edtica ni de un privilegio corporativo, sino de una exigencia constitucional vinculada directamente con la divisi\u00f3n de poderes y la garant\u00eda de tutela judicial efectiva. En ese sentido, remarc\u00f3 que la iniciativa cuenta con un amplio consenso institucional, construido con la participaci\u00f3n de la Corte, la Procuraci\u00f3n General, asociaciones de magistrados y funcionarios, la Asociaci\u00f3n Judicial Bonaerense y, de manera destacada, con el respaldo firme de la abogac\u00eda organizada.<\/p>\n<p>El acto, realizado en la Sala de Audiencias de la SCBA, evidenci\u00f3 una confluencia institucional significativa: representantes de la magistratura, el funcionariado, el \u00e1mbito acad\u00e9mico y, especialmente, del ejercicio profesional del derecho coincidieron en la necesidad de avanzar tanto en la cobertura de vacantes como en la consolidaci\u00f3n de la autonom\u00eda financiera del Poder Judicial.<\/p>\n<p>Desde el COLPROBA se valor\u00f3 la iniciativa como un paso clave hacia una justicia m\u00e1s independiente, eficiente y acorde a las demandas actuales, reafirmando el compromiso de la abogac\u00eda provincial de acompa\u00f1ar y sostener todas aquellas medidas que fortalezcan el Servicio de Justicia<\/p>\n<\/div><div class=\"fusion-image-carousel fusion-image-carousel-auto fusion-image-carousel-1 fusion-carousel-border\"><div class=\"awb-carousel awb-swiper awb-swiper-carousel\" data-autoplay=\"yes\" data-columns=\"1\" data-itemmargin=\"13\" data-itemwidth=\"180\" data-touchscroll=\"no\" data-imagesize=\"auto\" style=\"--awb-columns:1;\"><div class=\"swiper-wrapper awb-image-carousel-wrapper fusion-flex-align-items-center\"><div class=\"swiper-slide\"><div class=\"fusion-carousel-item-wrapper\"><div class=\"fusion-image-wrapper hover-type-none\"><img decoding=\"async\" width=\"1731\" height=\"1154\" src=\"https:\/\/colproba.org.ar\/l\/wp-content\/uploads\/2026\/04\/SC107513.jpg\" class=\"attachment-full size-full\" alt=\"\" srcset=\"https:\/\/colproba.org.ar\/l\/wp-content\/uploads\/2026\/04\/SC107513-200x133.jpg 200w, https:\/\/colproba.org.ar\/l\/wp-content\/uploads\/2026\/04\/SC107513-300x200.jpg 300w, https:\/\/colproba.org.ar\/l\/wp-content\/uploads\/2026\/04\/SC107513-400x267.jpg 400w, https:\/\/colproba.org.ar\/l\/wp-content\/uploads\/2026\/04\/SC107513-600x400.jpg 600w, https:\/\/colproba.org.ar\/l\/wp-content\/uploads\/2026\/04\/SC107513-768x512.jpg 768w, https:\/\/colproba.org.ar\/l\/wp-content\/uploads\/2026\/04\/SC107513-800x533.jpg 800w, https:\/\/colproba.org.ar\/l\/wp-content\/uploads\/2026\/04\/SC107513-1024x683.jpg 1024w, https:\/\/colproba.org.ar\/l\/wp-content\/uploads\/2026\/04\/SC107513-1200x800.jpg 1200w, https:\/\/colproba.org.ar\/l\/wp-content\/uploads\/2026\/04\/SC107513-1536x1024.jpg 1536w, https:\/\/colproba.org.ar\/l\/wp-content\/uploads\/2026\/04\/SC107513.jpg 1731w\" sizes=\"(max-width: 1731px) 100vw, 1731px\" \/><\/div><\/div><\/div><div class=\"swiper-slide\"><div class=\"fusion-carousel-item-wrapper\"><div class=\"fusion-image-wrapper hover-type-none\"><img decoding=\"async\" width=\"1731\" height=\"1154\" src=\"https:\/\/colproba.org.ar\/l\/wp-content\/uploads\/2026\/04\/SC107484.jpg\" class=\"attachment-full size-full\" alt=\"\" srcset=\"https:\/\/colproba.org.ar\/l\/wp-content\/uploads\/2026\/04\/SC107484-200x133.jpg 200w, https:\/\/colproba.org.ar\/l\/wp-content\/uploads\/2026\/04\/SC107484-300x200.jpg 300w, https:\/\/colproba.org.ar\/l\/wp-content\/uploads\/2026\/04\/SC107484-400x267.jpg 400w, https:\/\/colproba.org.ar\/l\/wp-content\/uploads\/2026\/04\/SC107484-600x400.jpg 600w, https:\/\/colproba.org.ar\/l\/wp-content\/uploads\/2026\/04\/SC107484-768x512.jpg 768w, https:\/\/colproba.org.ar\/l\/wp-content\/uploads\/2026\/04\/SC107484-800x533.jpg 800w, https:\/\/colproba.org.ar\/l\/wp-content\/uploads\/2026\/04\/SC107484-1024x683.jpg 1024w, https:\/\/colproba.org.ar\/l\/wp-content\/uploads\/2026\/04\/SC107484-1200x800.jpg 1200w, https:\/\/colproba.org.ar\/l\/wp-content\/uploads\/2026\/04\/SC107484-1536x1024.jpg 1536w, https:\/\/colproba.org.ar\/l\/wp-content\/uploads\/2026\/04\/SC107484.jpg 1731w\" sizes=\"(max-width: 1731px) 100vw, 1731px\" \/><\/div><\/div><\/div><div class=\"swiper-slide\"><div class=\"fusion-carousel-item-wrapper\"><div class=\"fusion-image-wrapper hover-type-none\"><img decoding=\"async\" width=\"1731\" height=\"1154\" src=\"https:\/\/colproba.org.ar\/l\/wp-content\/uploads\/2026\/04\/SC107519.jpg\" class=\"attachment-full size-full\" alt=\"\" srcset=\"https:\/\/colproba.org.ar\/l\/wp-content\/uploads\/2026\/04\/SC107519-200x133.jpg 200w, https:\/\/colproba.org.ar\/l\/wp-content\/uploads\/2026\/04\/SC107519-300x200.jpg 300w, https:\/\/colproba.org.ar\/l\/wp-content\/uploads\/2026\/04\/SC107519-400x267.jpg 400w, https:\/\/colproba.org.ar\/l\/wp-content\/uploads\/2026\/04\/SC107519-600x400.jpg 600w, https:\/\/colproba.org.ar\/l\/wp-content\/uploads\/2026\/04\/SC107519-768x512.jpg 768w, https:\/\/colproba.org.ar\/l\/wp-content\/uploads\/2026\/04\/SC107519-800x533.jpg 800w, https:\/\/colproba.org.ar\/l\/wp-content\/uploads\/2026\/04\/SC107519-1024x683.jpg 1024w, https:\/\/colproba.org.ar\/l\/wp-content\/uploads\/2026\/04\/SC107519-1200x800.jpg 1200w, https:\/\/colproba.org.ar\/l\/wp-content\/uploads\/2026\/04\/SC107519-1536x1024.jpg 1536w, https:\/\/colproba.org.ar\/l\/wp-content\/uploads\/2026\/04\/SC107519.jpg 1731w\" sizes=\"(max-width: 1731px) 100vw, 1731px\" \/><\/div><\/div><\/div><div class=\"swiper-slide\"><div class=\"fusion-carousel-item-wrapper\"><div class=\"fusion-image-wrapper hover-type-none\"><img decoding=\"async\" width=\"1731\" height=\"1154\" src=\"https:\/\/colproba.org.ar\/l\/wp-content\/uploads\/2026\/04\/SC107504.jpg\" class=\"attachment-full size-full\" alt=\"\" srcset=\"https:\/\/colproba.org.ar\/l\/wp-content\/uploads\/2026\/04\/SC107504-200x133.jpg 200w, https:\/\/colproba.org.ar\/l\/wp-content\/uploads\/2026\/04\/SC107504-300x200.jpg 300w, https:\/\/colproba.org.ar\/l\/wp-content\/uploads\/2026\/04\/SC107504-400x267.jpg 400w, https:\/\/colproba.org.ar\/l\/wp-content\/uploads\/2026\/04\/SC107504-600x400.jpg 600w, https:\/\/colproba.org.ar\/l\/wp-content\/uploads\/2026\/04\/SC107504-768x512.jpg 768w, https:\/\/colproba.org.ar\/l\/wp-content\/uploads\/2026\/04\/SC107504-800x533.jpg 800w, https:\/\/colproba.org.ar\/l\/wp-content\/uploads\/2026\/04\/SC107504-1024x683.jpg 1024w, https:\/\/colproba.org.ar\/l\/wp-content\/uploads\/2026\/04\/SC107504-1200x800.jpg 1200w, https:\/\/colproba.org.ar\/l\/wp-content\/uploads\/2026\/04\/SC107504-1536x1024.jpg 1536w, https:\/\/colproba.org.ar\/l\/wp-content\/uploads\/2026\/04\/SC107504.jpg 1731w\" sizes=\"(max-width: 1731px) 100vw, 1731px\" \/><\/div><\/div><\/div><div class=\"swiper-slide\"><div class=\"fusion-carousel-item-wrapper\"><div class=\"fusion-image-wrapper hover-type-none\"><img decoding=\"async\" width=\"1731\" height=\"1154\" src=\"https:\/\/colproba.org.ar\/l\/wp-content\/uploads\/2026\/04\/SC107498.jpg\" class=\"attachment-full size-full\" alt=\"\" srcset=\"https:\/\/colproba.org.ar\/l\/wp-content\/uploads\/2026\/04\/SC107498-200x133.jpg 200w, https:\/\/colproba.org.ar\/l\/wp-content\/uploads\/2026\/04\/SC107498-300x200.jpg 300w, https:\/\/colproba.org.ar\/l\/wp-content\/uploads\/2026\/04\/SC107498-400x267.jpg 400w, https:\/\/colproba.org.ar\/l\/wp-content\/uploads\/2026\/04\/SC107498-600x400.jpg 600w, https:\/\/colproba.org.ar\/l\/wp-content\/uploads\/2026\/04\/SC107498-768x512.jpg 768w, https:\/\/colproba.org.ar\/l\/wp-content\/uploads\/2026\/04\/SC107498-800x533.jpg 800w, https:\/\/colproba.org.ar\/l\/wp-content\/uploads\/2026\/04\/SC107498-1024x683.jpg 1024w, https:\/\/colproba.org.ar\/l\/wp-content\/uploads\/2026\/04\/SC107498-1200x800.jpg 1200w, https:\/\/colproba.org.ar\/l\/wp-content\/uploads\/2026\/04\/SC107498-1536x1024.jpg 1536w, https:\/\/colproba.org.ar\/l\/wp-content\/uploads\/2026\/04\/SC107498.jpg 1731w\" sizes=\"(max-width: 1731px) 100vw, 1731px\" \/><\/div><\/div><\/div><div class=\"swiper-slide\"><div class=\"fusion-carousel-item-wrapper\"><div class=\"fusion-image-wrapper hover-type-none\"><img decoding=\"async\" width=\"1731\" height=\"1154\" src=\"https:\/\/colproba.org.ar\/l\/wp-content\/uploads\/2026\/04\/SC107493.jpg\" class=\"attachment-full size-full\" alt=\"\" srcset=\"https:\/\/colproba.org.ar\/l\/wp-content\/uploads\/2026\/04\/SC107493-200x133.jpg 200w, https:\/\/colproba.org.ar\/l\/wp-content\/uploads\/2026\/04\/SC107493-300x200.jpg 300w, https:\/\/colproba.org.ar\/l\/wp-content\/uploads\/2026\/04\/SC107493-400x267.jpg 400w, https:\/\/colproba.org.ar\/l\/wp-content\/uploads\/2026\/04\/SC107493-600x400.jpg 600w, https:\/\/colproba.org.ar\/l\/wp-content\/uploads\/2026\/04\/SC107493-768x512.jpg 768w, https:\/\/colproba.org.ar\/l\/wp-content\/uploads\/2026\/04\/SC107493-800x533.jpg 800w, https:\/\/colproba.org.ar\/l\/wp-content\/uploads\/2026\/04\/SC107493-1024x683.jpg 1024w, https:\/\/colproba.org.ar\/l\/wp-content\/uploads\/2026\/04\/SC107493-1200x800.jpg 1200w, https:\/\/colproba.org.ar\/l\/wp-content\/uploads\/2026\/04\/SC107493-1536x1024.jpg 1536w, https:\/\/colproba.org.ar\/l\/wp-content\/uploads\/2026\/04\/SC107493.jpg 1731w\" sizes=\"(max-width: 1731px) 100vw, 1731px\" \/><\/div><\/div><\/div><div class=\"swiper-slide\"><div class=\"fusion-carousel-item-wrapper\"><div class=\"fusion-image-wrapper hover-type-none\"><img decoding=\"async\" width=\"1731\" height=\"1154\" src=\"https:\/\/colproba.org.ar\/l\/wp-content\/uploads\/2026\/04\/SC107477.jpg\" class=\"attachment-full size-full\" alt=\"\" srcset=\"https:\/\/colproba.org.ar\/l\/wp-content\/uploads\/2026\/04\/SC107477-200x133.jpg 200w, https:\/\/colproba.org.ar\/l\/wp-content\/uploads\/2026\/04\/SC107477-300x200.jpg 300w, https:\/\/colproba.org.ar\/l\/wp-content\/uploads\/2026\/04\/SC107477-400x267.jpg 400w, https:\/\/colproba.org.ar\/l\/wp-content\/uploads\/2026\/04\/SC107477-600x400.jpg 600w, https:\/\/colproba.org.ar\/l\/wp-content\/uploads\/2026\/04\/SC107477-768x512.jpg 768w, https:\/\/colproba.org.ar\/l\/wp-content\/uploads\/2026\/04\/SC107477-800x533.jpg 800w, https:\/\/colproba.org.ar\/l\/wp-content\/uploads\/2026\/04\/SC107477-1024x683.jpg 1024w, https:\/\/colproba.org.ar\/l\/wp-content\/uploads\/2026\/04\/SC107477-1200x800.jpg 1200w, https:\/\/colproba.org.ar\/l\/wp-content\/uploads\/2026\/04\/SC107477-1536x1024.jpg 1536w, https:\/\/colproba.org.ar\/l\/wp-content\/uploads\/2026\/04\/SC107477.jpg 1731w\" sizes=\"(max-width: 1731px) 100vw, 1731px\" \/><\/div><\/div><\/div><div class=\"swiper-slide\"><div class=\"fusion-carousel-item-wrapper\"><div class=\"fusion-image-wrapper hover-type-none\"><img decoding=\"async\" width=\"1731\" height=\"1154\" src=\"https:\/\/colproba.org.ar\/l\/wp-content\/uploads\/2026\/04\/SC107472.jpg\" class=\"attachment-full size-full\" alt=\"\" srcset=\"https:\/\/colproba.org.ar\/l\/wp-content\/uploads\/2026\/04\/SC107472-200x133.jpg 200w, https:\/\/colproba.org.ar\/l\/wp-content\/uploads\/2026\/04\/SC107472-300x200.jpg 300w, https:\/\/colproba.org.ar\/l\/wp-content\/uploads\/2026\/04\/SC107472-400x267.jpg 400w, https:\/\/colproba.org.ar\/l\/wp-content\/uploads\/2026\/04\/SC107472-600x400.jpg 600w, https:\/\/colproba.org.ar\/l\/wp-content\/uploads\/2026\/04\/SC107472-768x512.jpg 768w, https:\/\/colproba.org.ar\/l\/wp-content\/uploads\/2026\/04\/SC107472-800x533.jpg 800w, https:\/\/colproba.org.ar\/l\/wp-content\/uploads\/2026\/04\/SC107472-1024x683.jpg 1024w, https:\/\/colproba.org.ar\/l\/wp-content\/uploads\/2026\/04\/SC107472-1200x800.jpg 1200w, https:\/\/colproba.org.ar\/l\/wp-content\/uploads\/2026\/04\/SC107472-1536x1024.jpg 1536w, https:\/\/colproba.org.ar\/l\/wp-content\/uploads\/2026\/04\/SC107472.jpg 1731w\" sizes=\"(max-width: 1731px) 100vw, 1731px\" \/><\/div><\/div><\/div><div class=\"swiper-slide\"><div class=\"fusion-carousel-item-wrapper\"><div class=\"fusion-image-wrapper hover-type-none\"><img decoding=\"async\" width=\"1731\" height=\"1154\" src=\"https:\/\/colproba.org.ar\/l\/wp-content\/uploads\/2026\/04\/SC107470.jpg\" class=\"attachment-full size-full\" alt=\"\" srcset=\"https:\/\/colproba.org.ar\/l\/wp-content\/uploads\/2026\/04\/SC107470-200x133.jpg 200w, https:\/\/colproba.org.ar\/l\/wp-content\/uploads\/2026\/04\/SC107470-300x200.jpg 300w, https:\/\/colproba.org.ar\/l\/wp-content\/uploads\/2026\/04\/SC107470-400x267.jpg 400w, https:\/\/colproba.org.ar\/l\/wp-content\/uploads\/2026\/04\/SC107470-600x400.jpg 600w, https:\/\/colproba.org.ar\/l\/wp-content\/uploads\/2026\/04\/SC107470-768x512.jpg 768w, https:\/\/colproba.org.ar\/l\/wp-content\/uploads\/2026\/04\/SC107470-800x533.jpg 800w, https:\/\/colproba.org.ar\/l\/wp-content\/uploads\/2026\/04\/SC107470-1024x683.jpg 1024w, https:\/\/colproba.org.ar\/l\/wp-content\/uploads\/2026\/04\/SC107470-1200x800.jpg 1200w, https:\/\/colproba.org.ar\/l\/wp-content\/uploads\/2026\/04\/SC107470-1536x1024.jpg 1536w, https:\/\/colproba.org.ar\/l\/wp-content\/uploads\/2026\/04\/SC107470.jpg 1731w\" sizes=\"(max-width: 1731px) 100vw, 1731px\" \/><\/div><\/div><\/div><div class=\"swiper-slide\"><div class=\"fusion-carousel-item-wrapper\"><div class=\"fusion-image-wrapper hover-type-none\"><img decoding=\"async\" width=\"1731\" height=\"1154\" src=\"https:\/\/colproba.org.ar\/l\/wp-content\/uploads\/2026\/04\/SC107463.jpg\" class=\"attachment-full size-full\" alt=\"\" srcset=\"https:\/\/colproba.org.ar\/l\/wp-content\/uploads\/2026\/04\/SC107463-200x133.jpg 200w, https:\/\/colproba.org.ar\/l\/wp-content\/uploads\/2026\/04\/SC107463-300x200.jpg 300w, https:\/\/colproba.org.ar\/l\/wp-content\/uploads\/2026\/04\/SC107463-400x267.jpg 400w, https:\/\/colproba.org.ar\/l\/wp-content\/uploads\/2026\/04\/SC107463-600x400.jpg 600w, https:\/\/colproba.org.ar\/l\/wp-content\/uploads\/2026\/04\/SC107463-768x512.jpg 768w, https:\/\/colproba.org.ar\/l\/wp-content\/uploads\/2026\/04\/SC107463-800x533.jpg 800w, https:\/\/colproba.org.ar\/l\/wp-content\/uploads\/2026\/04\/SC107463-1024x683.jpg 1024w, https:\/\/colproba.org.ar\/l\/wp-content\/uploads\/2026\/04\/SC107463-1200x800.jpg 1200w, https:\/\/colproba.org.ar\/l\/wp-content\/uploads\/2026\/04\/SC107463-1536x1024.jpg 1536w, https:\/\/colproba.org.ar\/l\/wp-content\/uploads\/2026\/04\/SC107463.jpg 1731w\" sizes=\"(max-width: 1731px) 100vw, 1731px\" \/><\/div><\/div><\/div><div class=\"swiper-slide\"><div class=\"fusion-carousel-item-wrapper\"><div class=\"fusion-image-wrapper hover-type-none\"><img decoding=\"async\" width=\"1731\" height=\"1154\" src=\"https:\/\/colproba.org.ar\/l\/wp-content\/uploads\/2026\/04\/SC107368.jpg\" class=\"attachment-full size-full\" alt=\"\" srcset=\"https:\/\/colproba.org.ar\/l\/wp-content\/uploads\/2026\/04\/SC107368-200x133.jpg 200w, https:\/\/colproba.org.ar\/l\/wp-content\/uploads\/2026\/04\/SC107368-300x200.jpg 300w, https:\/\/colproba.org.ar\/l\/wp-content\/uploads\/2026\/04\/SC107368-400x267.jpg 400w, https:\/\/colproba.org.ar\/l\/wp-content\/uploads\/2026\/04\/SC107368-600x400.jpg 600w, https:\/\/colproba.org.ar\/l\/wp-content\/uploads\/2026\/04\/SC107368-768x512.jpg 768w, https:\/\/colproba.org.ar\/l\/wp-content\/uploads\/2026\/04\/SC107368-800x533.jpg 800w, https:\/\/colproba.org.ar\/l\/wp-content\/uploads\/2026\/04\/SC107368-1024x683.jpg 1024w, https:\/\/colproba.org.ar\/l\/wp-content\/uploads\/2026\/04\/SC107368-1200x800.jpg 1200w, https:\/\/colproba.org.ar\/l\/wp-content\/uploads\/2026\/04\/SC107368-1536x1024.jpg 1536w, https:\/\/colproba.org.ar\/l\/wp-content\/uploads\/2026\/04\/SC107368.jpg 1731w\" sizes=\"(max-width: 1731px) 100vw, 1731px\" \/><\/div><\/div><\/div><div class=\"swiper-slide\"><div class=\"fusion-carousel-item-wrapper\"><div class=\"fusion-image-wrapper hover-type-none\"><img decoding=\"async\" width=\"1731\" height=\"1154\" src=\"https:\/\/colproba.org.ar\/l\/wp-content\/uploads\/2026\/04\/SC107356.jpg\" class=\"attachment-full size-full\" alt=\"\" srcset=\"https:\/\/colproba.org.ar\/l\/wp-content\/uploads\/2026\/04\/SC107356-200x133.jpg 200w, https:\/\/colproba.org.ar\/l\/wp-content\/uploads\/2026\/04\/SC107356-300x200.jpg 300w, https:\/\/colproba.org.ar\/l\/wp-content\/uploads\/2026\/04\/SC107356-400x267.jpg 400w, https:\/\/colproba.org.ar\/l\/wp-content\/uploads\/2026\/04\/SC107356-600x400.jpg 600w, https:\/\/colproba.org.ar\/l\/wp-content\/uploads\/2026\/04\/SC107356-768x512.jpg 768w, https:\/\/colproba.org.ar\/l\/wp-content\/uploads\/2026\/04\/SC107356-800x533.jpg 800w, https:\/\/colproba.org.ar\/l\/wp-content\/uploads\/2026\/04\/SC107356-1024x683.jpg 1024w, https:\/\/colproba.org.ar\/l\/wp-content\/uploads\/2026\/04\/SC107356-1200x800.jpg 1200w, https:\/\/colproba.org.ar\/l\/wp-content\/uploads\/2026\/04\/SC107356-1536x1024.jpg 1536w, https:\/\/colproba.org.ar\/l\/wp-content\/uploads\/2026\/04\/SC107356.jpg 1731w\" sizes=\"(max-width: 1731px) 100vw, 1731px\" \/><\/div><\/div><\/div><div class=\"swiper-slide\"><div class=\"fusion-carousel-item-wrapper\"><div class=\"fusion-image-wrapper hover-type-none\"><img decoding=\"async\" width=\"1731\" height=\"1154\" src=\"https:\/\/colproba.org.ar\/l\/wp-content\/uploads\/2026\/04\/SC107331.jpg\" class=\"attachment-full size-full\" alt=\"\" srcset=\"https:\/\/colproba.org.ar\/l\/wp-content\/uploads\/2026\/04\/SC107331-200x133.jpg 200w, https:\/\/colproba.org.ar\/l\/wp-content\/uploads\/2026\/04\/SC107331-300x200.jpg 300w, https:\/\/colproba.org.ar\/l\/wp-content\/uploads\/2026\/04\/SC107331-400x267.jpg 400w, https:\/\/colproba.org.ar\/l\/wp-content\/uploads\/2026\/04\/SC107331-600x400.jpg 600w, https:\/\/colproba.org.ar\/l\/wp-content\/uploads\/2026\/04\/SC107331-768x512.jpg 768w, https:\/\/colproba.org.ar\/l\/wp-content\/uploads\/2026\/04\/SC107331-800x533.jpg 800w, https:\/\/colproba.org.ar\/l\/wp-content\/uploads\/2026\/04\/SC107331-1024x683.jpg 1024w, https:\/\/colproba.org.ar\/l\/wp-content\/uploads\/2026\/04\/SC107331-1200x800.jpg 1200w, https:\/\/colproba.org.ar\/l\/wp-content\/uploads\/2026\/04\/SC107331-1536x1024.jpg 1536w, https:\/\/colproba.org.ar\/l\/wp-content\/uploads\/2026\/04\/SC107331.jpg 1731w\" sizes=\"(max-width: 1731px) 100vw, 1731px\" \/><\/div><\/div><\/div><\/div><div class=\"awb-swiper-button awb-swiper-button-prev\"><i class=\"awb-icon-angle-left\" aria-hidden=\"true\"><\/i><\/div><div class=\"awb-swiper-button awb-swiper-button-next\"><i class=\"awb-icon-angle-right\" aria-hidden=\"true\"><\/i><\/div><\/div><\/div><\/div><\/div><\/div><\/div>\n","protected":false},"excerpt":{"rendered":"","protected":false},"author":2,"featured_media":20453,"comment_status":"closed","ping_status":"closed","sticky":false,"template":"","format":"standard","meta":{"_exactmetrics_skip_tracking":false,"_exactmetrics_sitenote_active":false,"_exactmetrics_sitenote_note":"","_exactmetrics_sitenote_category":0,"footnotes":""},"categories":[1,299],"tags":[477,400,262,114,480,479,481,107,478,476],"class_list":["post-20438","post","type-post","status-publish","format-standard","has-post-thumbnail","hentry","category-noticias","category-tenes-que-saber","tag-abogacia-bonaerense","tag-autarquia-judicial","tag-bienvenido-rodriguez-basalo","tag-colproba","tag-daniel-fernando-soria","tag-hilda-kogan","tag-julio-conte-grand","tag-scba","tag-sergio-gabriel-torres","tag-vacantes-scba"],"_links":{"self":[{"href":"https:\/\/colproba.org.ar\/l\/wp-json\/wp\/v2\/posts\/20438","targetHints":{"allow":["GET"]}}],"collection":[{"href":"https:\/\/colproba.org.ar\/l\/wp-json\/wp\/v2\/posts"}],"about":[{"href":"https:\/\/colproba.org.ar\/l\/wp-json\/wp\/v2\/types\/post"}],"author":[{"embeddable":true,"href":"https:\/\/colproba.org.ar\/l\/wp-json\/wp\/v2\/users\/2"}],"replies":[{"embeddable":true,"href":"https:\/\/colproba.org.ar\/l\/wp-json\/wp\/v2\/comments?post=20438"}],"version-history":[{"count":1,"href":"https:\/\/colproba.org.ar\/l\/wp-json\/wp\/v2\/posts\/20438\/revisions"}],"predecessor-version":[{"id":20452,"href":"https:\/\/colproba.org.ar\/l\/wp-json\/wp\/v2\/posts\/20438\/revisions\/20452"}],"wp:featuredmedia":[{"embeddable":true,"href":"https:\/\/colproba.org.ar\/l\/wp-json\/wp\/v2\/media\/20453"}],"wp:attachment":[{"href":"https:\/\/colproba.org.ar\/l\/wp-json\/wp\/v2\/media?parent=20438"}],"wp:term":[{"taxonomy":"category","embeddable":true,"href":"https:\/\/colproba.org.ar\/l\/wp-json\/wp\/v2\/categories?post=20438"},{"taxonomy":"post_tag","embeddable":true,"href":"https:\/\/colproba.org.ar\/l\/wp-json\/wp\/v2\/tags?post=20438"}],"curies":[{"name":"wp","href":"https:\/\/api.w.org\/{rel}","templated":true}]}}