{"id":19871,"date":"2025-03-15T11:37:44","date_gmt":"2025-03-15T14:37:44","guid":{"rendered":"https:\/\/colproba.org.ar\/l\/?p=19871"},"modified":"2025-03-15T12:02:01","modified_gmt":"2025-03-15T15:02:01","slug":"la-justicia-asegura-la-transparencia-de-aportes-no-abonados-por-las-art-en-comisiones-medicas","status":"publish","type":"post","link":"https:\/\/colproba.org.ar\/l\/2025\/03\/15\/la-justicia-asegura-la-transparencia-de-aportes-no-abonados-por-las-art-en-comisiones-medicas\/","title":{"rendered":"LA JUSTICIA ASEGURA LA TRANSPARENCIA DE APORTES NO ABONADOS POR LAS ART EN COMISIONES M\u00c9DICAS"},"content":{"rendered":"<div class=\"fusion-fullwidth fullwidth-box fusion-builder-row-1 fusion-flex-container has-pattern-background has-mask-background nonhundred-percent-fullwidth non-hundred-percent-height-scrolling\" style=\"--awb-border-radius-top-left:0px;--awb-border-radius-top-right:0px;--awb-border-radius-bottom-right:0px;--awb-border-radius-bottom-left:0px;--awb-flex-wrap:wrap;\" ><div class=\"fusion-builder-row fusion-row fusion-flex-align-items-flex-start fusion-flex-content-wrap\" style=\"max-width:1248;margin-left: calc(-4% \/ 2 );margin-right: calc(-4% \/ 2 );\"><div class=\"fusion-layout-column fusion_builder_column fusion-builder-column-0 fusion_builder_column_1_1 1_1 fusion-flex-column\" style=\"--awb-bg-size:cover;--awb-width-large:100%;--awb-margin-top-large:0px;--awb-spacing-right-large:1.92%;--awb-margin-bottom-large:20px;--awb-spacing-left-large:1.92%;--awb-width-medium:100%;--awb-order-medium:0;--awb-spacing-right-medium:1.92%;--awb-spacing-left-medium:1.92%;--awb-width-small:100%;--awb-order-small:0;--awb-spacing-right-small:1.92%;--awb-spacing-left-small:1.92%;\"><div class=\"fusion-column-wrapper fusion-column-has-shadow fusion-flex-justify-content-flex-start fusion-content-layout-column\"><div class=\"fusion-text fusion-text-1\"><h5>TRIUNFO DE LA ABOGAC\u00cdA: CAJA RECUPERA FACULTAD DE GARANTIZAR APORTES PREVISIONALES<\/h5>\n<p>El Juzgado Contencioso Administrativo Federal N\u00b0 9 ha dictado una sentencia trascendental para la comunidad jur\u00eddica bonaerense, haciendo lugar a la acci\u00f3n de amparo interpuesta por la Caja de Previsi\u00f3n Social para Abogados de la Provincia de Buenos Aires contra la Superintendencia de Riesgos del Trabajo (SRT).<br \/>\nEsta importante resoluci\u00f3n ordena a la SRT proporcionar informaci\u00f3n clave sobre convenios homologados ante las Comisiones M\u00e9dicas en el \u00e1mbito territorial provincial, incluyendo, la car\u00e1tula completa de los convenios homologados, Datos de los letrados patrocinantes\/apoderados intervinientes, Raz\u00f3n social de las ART involucradas y Montos de indemnizaci\u00f3n acordados<\/p>\n<p>El fallo establece un precedente fundamental al reconocer el leg\u00edtimo inter\u00e9s de nuestra Caja previsional para acceder a esta informaci\u00f3n, determinante para la defensa efectiva de los aportes correspondientes a honorarios profesionales y la sostenibilidad del sistema que protege a todos los abogados bonaerenses ante el incumplimiento constante por parte de las aseguradoras de riesgos de trabajo.<br \/>\nLa justicia ha priorizado el principio de transparencia y m\u00e1xima divulgaci\u00f3n por sobre argumentos administrativos infundados, estableciendo un adecuado equilibrio entre el acceso a informaci\u00f3n p\u00fablica y la protecci\u00f3n de datos personales sensibles.<br \/>\nEsta victoria judicial fortalece a nuestra instituci\u00f3n en su capacidad para velar por los intereses previsionales de toda la abogac\u00eda provincial, garantizando las jubilaciones, pensiones y subsidios que conforman nuestro sistema solidario de seguridad social.<\/p>\n<\/div><div class=\"fusion-text fusion-text-2\"><a href=\"https:\/\/colproba.org.ar\/l\/wp-content\/uploads\/2025\/03\/SENTENCIA-CAJA.pdf\" class=\"pdfemb-viewer\" style=\"\" data-width=\"max\" data-height=\"max\" data-toolbar=\"bottom\" data-toolbar-fixed=\"off\">SENTENCIA -CAJA<\/a>\n<\/div><div class=\"fusion-separator fusion-full-width-sep\" style=\"align-self: center;margin-left: auto;margin-right: auto;margin-top:4px;margin-bottom:4px;width:100%;\"><\/div><div ><a class=\"fusion-button button-flat fusion-button-default-size button-default fusion-button-default button-1 fusion-button-default-span fusion-button-default-type\" target=\"_self\" href=\"https:\/\/colproba.org.ar\/l\/wp-content\/uploads\/2025\/03\/SENTENCIA-CAJA.pdf\"><span class=\"fusion-button-text\">Descargar Sentencia<\/span><\/a><\/div><\/div><\/div><\/div><\/div>\n","protected":false},"excerpt":{"rendered":"","protected":false},"author":2,"featured_media":19872,"comment_status":"closed","ping_status":"closed","sticky":false,"template":"","format":"standard","meta":{"_exactmetrics_skip_tracking":false,"_exactmetrics_sitenote_active":false,"_exactmetrics_sitenote_note":"","_exactmetrics_sitenote_category":0,"footnotes":""},"categories":[1],"tags":[104,411,412],"class_list":["post-19871","post","type-post","status-publish","format-standard","has-post-thumbnail","hentry","category-noticias","tag-abogados","tag-art","tag-caja-de-la-abogacia"],"_links":{"self":[{"href":"https:\/\/colproba.org.ar\/l\/wp-json\/wp\/v2\/posts\/19871","targetHints":{"allow":["GET"]}}],"collection":[{"href":"https:\/\/colproba.org.ar\/l\/wp-json\/wp\/v2\/posts"}],"about":[{"href":"https:\/\/colproba.org.ar\/l\/wp-json\/wp\/v2\/types\/post"}],"author":[{"embeddable":true,"href":"https:\/\/colproba.org.ar\/l\/wp-json\/wp\/v2\/users\/2"}],"replies":[{"embeddable":true,"href":"https:\/\/colproba.org.ar\/l\/wp-json\/wp\/v2\/comments?post=19871"}],"version-history":[{"count":4,"href":"https:\/\/colproba.org.ar\/l\/wp-json\/wp\/v2\/posts\/19871\/revisions"}],"predecessor-version":[{"id":19877,"href":"https:\/\/colproba.org.ar\/l\/wp-json\/wp\/v2\/posts\/19871\/revisions\/19877"}],"wp:featuredmedia":[{"embeddable":true,"href":"https:\/\/colproba.org.ar\/l\/wp-json\/wp\/v2\/media\/19872"}],"wp:attachment":[{"href":"https:\/\/colproba.org.ar\/l\/wp-json\/wp\/v2\/media?parent=19871"}],"wp:term":[{"taxonomy":"category","embeddable":true,"href":"https:\/\/colproba.org.ar\/l\/wp-json\/wp\/v2\/categories?post=19871"},{"taxonomy":"post_tag","embeddable":true,"href":"https:\/\/colproba.org.ar\/l\/wp-json\/wp\/v2\/tags?post=19871"}],"curies":[{"name":"wp","href":"https:\/\/api.w.org\/{rel}","templated":true}]}}