{"id":19867,"date":"2025-03-11T09:32:58","date_gmt":"2025-03-11T12:32:58","guid":{"rendered":"https:\/\/colproba.org.ar\/l\/?p=19867"},"modified":"2025-03-11T09:32:58","modified_gmt":"2025-03-11T12:32:58","slug":"19867","status":"publish","type":"post","link":"https:\/\/colproba.org.ar\/l\/2025\/03\/11\/19867\/","title":{"rendered":""},"content":{"rendered":"<div class=\"fusion-fullwidth fullwidth-box fusion-builder-row-1 fusion-flex-container has-pattern-background has-mask-background nonhundred-percent-fullwidth non-hundred-percent-height-scrolling\" style=\"--awb-border-radius-top-left:0px;--awb-border-radius-top-right:0px;--awb-border-radius-bottom-right:0px;--awb-border-radius-bottom-left:0px;--awb-flex-wrap:wrap;\" ><div class=\"fusion-builder-row fusion-row fusion-flex-align-items-flex-start fusion-flex-content-wrap\" style=\"max-width:1248;margin-left: calc(-4% \/ 2 );margin-right: calc(-4% \/ 2 );\"><div class=\"fusion-layout-column fusion_builder_column fusion-builder-column-0 fusion_builder_column_1_1 1_1 fusion-flex-column\" style=\"--awb-bg-size:cover;--awb-width-large:100%;--awb-margin-top-large:0px;--awb-spacing-right-large:1.92%;--awb-margin-bottom-large:20px;--awb-spacing-left-large:1.92%;--awb-width-medium:100%;--awb-order-medium:0;--awb-spacing-right-medium:1.92%;--awb-spacing-left-medium:1.92%;--awb-width-small:100%;--awb-order-small:0;--awb-spacing-right-small:1.92%;--awb-spacing-left-small:1.92%;\"><div class=\"fusion-column-wrapper fusion-column-has-shadow fusion-flex-justify-content-flex-start fusion-content-layout-column\"><div class=\"fusion-text fusion-text-1\"><p>El Consejo Superior del Colegio de Abogados de la Provincia de Buenos Aires, reunido en sesi\u00f3n extraordinaria, ha resuelto expresar su m\u00e1s profunda solidaridad y acompa\u00f1amiento con el Colegio de Abogados del Departamento Judicial de Bah\u00eda Blanca, sus matriculados y matriculadas, y toda la comunidad bahiense, ante el devastador temporal ocurrido el pasado 7 de marzo de 2025.<\/p>\n<p>En virtud de las dram\u00e1ticas consecuencias derivadas de este evento clim\u00e1tico, y luego de analizar el informe presentado por el Dr. Gentili, el Consejo Superior ha adoptado las siguientes medidas excepcionales:<\/p>\n<p><strong>1. Postergaci\u00f3n del vencimiento de la matr\u00edcula:\u00a0<\/strong> Se difiere el pago de la primera cuota de la matr\u00edcula hasta el 30 de junio de 2025 para todos los matriculados y matriculadas del Colegio de Abogados de Bah\u00eda Blanca.<\/p>\n<p><strong>2. Congelamiento del valor del jus arancelario:<\/strong> Se establece el valor del jus arancelario en $35.212, congelado a la fecha de la presente resoluci\u00f3n.<\/p>\n<p><strong>3. Ayuda econ\u00f3mica directa:<\/strong> Se dispone el env\u00edo de una partida no reembolsable para que el Colegio de Bah\u00eda Blanca la destine a brindar ayuda a los matriculados y matriculadas afectados a consecuencia del temporal.<\/p>\n<p><strong>4. Campa\u00f1a solidaria provincial<\/strong>: Se invita a todos los Colegios de Abogados Departamentales de la Provincia de Buenos Aires, como as\u00ed tambi\u00e9n a los matriculados y matriculadas bonaerenses, a sumarse a la campa\u00f1a solidaria que establezca el Colegio de Bah\u00eda Blanca, apelando al compromiso y solidaridad de toda la comunidad colegial.<\/p>\n<p>El COLPROBA se pone a absoluta disposici\u00f3n del Colegio de Abogados de Bah\u00eda Blanca y permanecer\u00e1 en sesi\u00f3n permanente para el tratamiento de cuestiones urgentes que lo ameriten.<\/p>\n<\/div><\/div><\/div><\/div><\/div>\n","protected":false},"excerpt":{"rendered":"","protected":false},"author":2,"featured_media":19869,"comment_status":"closed","ping_status":"closed","sticky":false,"template":"","format":"standard","meta":{"_exactmetrics_skip_tracking":false,"_exactmetrics_sitenote_active":false,"_exactmetrics_sitenote_note":"","_exactmetrics_sitenote_category":0,"footnotes":""},"categories":[1],"tags":[408,114,306],"class_list":["post-19867","post","type-post","status-publish","format-standard","has-post-thumbnail","hentry","category-noticias","tag-bahia-blanca","tag-colproba","tag-consejo-superior"],"_links":{"self":[{"href":"https:\/\/colproba.org.ar\/l\/wp-json\/wp\/v2\/posts\/19867","targetHints":{"allow":["GET"]}}],"collection":[{"href":"https:\/\/colproba.org.ar\/l\/wp-json\/wp\/v2\/posts"}],"about":[{"href":"https:\/\/colproba.org.ar\/l\/wp-json\/wp\/v2\/types\/post"}],"author":[{"embeddable":true,"href":"https:\/\/colproba.org.ar\/l\/wp-json\/wp\/v2\/users\/2"}],"replies":[{"embeddable":true,"href":"https:\/\/colproba.org.ar\/l\/wp-json\/wp\/v2\/comments?post=19867"}],"version-history":[{"count":1,"href":"https:\/\/colproba.org.ar\/l\/wp-json\/wp\/v2\/posts\/19867\/revisions"}],"predecessor-version":[{"id":19870,"href":"https:\/\/colproba.org.ar\/l\/wp-json\/wp\/v2\/posts\/19867\/revisions\/19870"}],"wp:featuredmedia":[{"embeddable":true,"href":"https:\/\/colproba.org.ar\/l\/wp-json\/wp\/v2\/media\/19869"}],"wp:attachment":[{"href":"https:\/\/colproba.org.ar\/l\/wp-json\/wp\/v2\/media?parent=19867"}],"wp:term":[{"taxonomy":"category","embeddable":true,"href":"https:\/\/colproba.org.ar\/l\/wp-json\/wp\/v2\/categories?post=19867"},{"taxonomy":"post_tag","embeddable":true,"href":"https:\/\/colproba.org.ar\/l\/wp-json\/wp\/v2\/tags?post=19867"}],"curies":[{"name":"wp","href":"https:\/\/api.w.org\/{rel}","templated":true}]}}