{"id":19446,"date":"2024-10-15T18:50:21","date_gmt":"2024-10-15T21:50:21","guid":{"rendered":"https:\/\/colproba.org.ar\/l\/?p=19446"},"modified":"2024-10-15T18:53:19","modified_gmt":"2024-10-15T21:53:19","slug":"comunicado-del-colegio-de-abogados-de-la-provincia-de-buenos-aires","status":"publish","type":"post","link":"https:\/\/colproba.org.ar\/l\/2024\/10\/15\/comunicado-del-colegio-de-abogados-de-la-provincia-de-buenos-aires\/","title":{"rendered":"COLPROBA ALERTA: PROYECTO DE DIVORCIO ADMINISTRATIVO"},"content":{"rendered":"<div class=\"fusion-fullwidth fullwidth-box fusion-builder-row-1 fusion-flex-container has-pattern-background has-mask-background nonhundred-percent-fullwidth non-hundred-percent-height-scrolling\" style=\"--awb-border-radius-top-left:0px;--awb-border-radius-top-right:0px;--awb-border-radius-bottom-right:0px;--awb-border-radius-bottom-left:0px;--awb-flex-wrap:wrap;\" ><div class=\"fusion-builder-row fusion-row fusion-flex-align-items-flex-start fusion-flex-content-wrap\" style=\"max-width:1248;margin-left: calc(-4% \/ 2 );margin-right: calc(-4% \/ 2 );\"><div class=\"fusion-layout-column fusion_builder_column fusion-builder-column-0 fusion_builder_column_1_1 1_1 fusion-flex-column\" style=\"--awb-bg-size:cover;--awb-width-large:100%;--awb-margin-top-large:0px;--awb-spacing-right-large:1.92%;--awb-margin-bottom-large:20px;--awb-spacing-left-large:1.92%;--awb-width-medium:100%;--awb-order-medium:0;--awb-spacing-right-medium:1.92%;--awb-spacing-left-medium:1.92%;--awb-width-small:100%;--awb-order-small:0;--awb-spacing-right-small:1.92%;--awb-spacing-left-small:1.92%;\"><div class=\"fusion-column-wrapper fusion-column-has-shadow fusion-flex-justify-content-flex-start fusion-content-layout-column\"><div class=\"fusion-text fusion-text-1\"><p>El Colegio de Abogados de la Provincia de Buenos Aires comunica su profunda preocupaci\u00f3n y rechazo al proyecto de ley <strong>3287-D-2023<\/strong> sobre el divorcio administrativo, destacando los siguientes puntos cr\u00edticos:<\/p>\n<ol>\n<li><strong>Riesgo a la seguridad jur\u00eddica<\/strong><br \/>\nLa propuesta permite la renuncia a derechos fundamentales sin asesoramiento legal, exponiendo a los ciudadanos, especialmente a los vulnerables, a abusos.<\/li>\n<li><strong>Menoscabo de incumbencias profesionales<\/strong><br \/>\nLa intervenci\u00f3n de abogados es esencial para proteger adecuadamente los derechos en procesos de divorcio.<\/li>\n<li><strong>Incongruencias legales<\/strong><br \/>\nEl proyecto presenta inconsistencias con el C\u00f3digo Civil y Comercial, lo que podr\u00eda generar confusi\u00f3n y caos jur\u00eddico.<\/li>\n<li><strong>Riesgos de nulidades y litigiosidad<\/strong><br \/>\nSin asesoramiento adecuado, los ciudadanos podr\u00edan quedar atrapados en acuerdos viciados, generando conflictos judiciales prolongados.<\/li>\n<li><strong>Desprotecci\u00f3n de grupos vulnerables<\/strong><br \/>\nLa propuesta no aborda adecuadamente las necesidades de personas con discapacidad o adultos mayores.<\/li>\n<li><strong>Contradicci\u00f3n con est\u00e1ndares internacionales<\/strong><br \/>\nFalta de salvaguardas esenciales, como la asistencia letrada obligatoria, que dejan a los ciudadanos indefensos.<\/li>\n<\/ol>\n<p>El Colegio hace un<strong> llamado urgente a los legisladores<\/strong> para reconsiderar esta iniciativa y trabajar en propuestas que <strong>fortalezcan las garant\u00edas jur\u00eddicas en los procesos familiares. <\/strong>Reafirma su compromiso con el estado de derecho y la protecci\u00f3n de los derechos de todos los ciudadanos.<\/p>\n<\/div><\/div><\/div><\/div><\/div>\n","protected":false},"excerpt":{"rendered":"","protected":false},"author":2,"featured_media":19447,"comment_status":"closed","ping_status":"closed","sticky":false,"template":"","format":"standard","meta":{"_exactmetrics_skip_tracking":false,"_exactmetrics_sitenote_active":false,"_exactmetrics_sitenote_note":"","_exactmetrics_sitenote_category":0,"footnotes":""},"categories":[1],"tags":[114,388,387],"class_list":["post-19446","post","type-post","status-publish","format-standard","has-post-thumbnail","hentry","category-noticias","tag-colproba","tag-comunicado","tag-divorcio-administrativo"],"_links":{"self":[{"href":"https:\/\/colproba.org.ar\/l\/wp-json\/wp\/v2\/posts\/19446","targetHints":{"allow":["GET"]}}],"collection":[{"href":"https:\/\/colproba.org.ar\/l\/wp-json\/wp\/v2\/posts"}],"about":[{"href":"https:\/\/colproba.org.ar\/l\/wp-json\/wp\/v2\/types\/post"}],"author":[{"embeddable":true,"href":"https:\/\/colproba.org.ar\/l\/wp-json\/wp\/v2\/users\/2"}],"replies":[{"embeddable":true,"href":"https:\/\/colproba.org.ar\/l\/wp-json\/wp\/v2\/comments?post=19446"}],"version-history":[{"count":5,"href":"https:\/\/colproba.org.ar\/l\/wp-json\/wp\/v2\/posts\/19446\/revisions"}],"predecessor-version":[{"id":19452,"href":"https:\/\/colproba.org.ar\/l\/wp-json\/wp\/v2\/posts\/19446\/revisions\/19452"}],"wp:featuredmedia":[{"embeddable":true,"href":"https:\/\/colproba.org.ar\/l\/wp-json\/wp\/v2\/media\/19447"}],"wp:attachment":[{"href":"https:\/\/colproba.org.ar\/l\/wp-json\/wp\/v2\/media?parent=19446"}],"wp:term":[{"taxonomy":"category","embeddable":true,"href":"https:\/\/colproba.org.ar\/l\/wp-json\/wp\/v2\/categories?post=19446"},{"taxonomy":"post_tag","embeddable":true,"href":"https:\/\/colproba.org.ar\/l\/wp-json\/wp\/v2\/tags?post=19446"}],"curies":[{"name":"wp","href":"https:\/\/api.w.org\/{rel}","templated":true}]}}