{"id":19427,"date":"2024-09-30T19:07:16","date_gmt":"2024-09-30T22:07:16","guid":{"rendered":"https:\/\/colproba.org.ar\/l\/?p=19427"},"modified":"2024-09-30T19:08:24","modified_gmt":"2024-09-30T22:08:24","slug":"colproba-advierte","status":"publish","type":"post","link":"https:\/\/colproba.org.ar\/l\/2024\/09\/30\/colproba-advierte\/","title":{"rendered":"COLPROBA ADVIERTE POSIBLE VULNERACI\u00d3N DE DERECHOS A LOS CONSUMIDORES"},"content":{"rendered":"<div class=\"fusion-fullwidth fullwidth-box fusion-builder-row-1 fusion-flex-container has-pattern-background has-mask-background nonhundred-percent-fullwidth non-hundred-percent-height-scrolling\" style=\"--awb-border-radius-top-left:0px;--awb-border-radius-top-right:0px;--awb-border-radius-bottom-right:0px;--awb-border-radius-bottom-left:0px;--awb-flex-wrap:wrap;\" ><div class=\"fusion-builder-row fusion-row fusion-flex-align-items-flex-start fusion-flex-content-wrap\" style=\"max-width:1248;margin-left: calc(-4% \/ 2 );margin-right: calc(-4% \/ 2 );\"><div class=\"fusion-layout-column fusion_builder_column fusion-builder-column-0 fusion_builder_column_1_1 1_1 fusion-flex-column\" style=\"--awb-bg-size:cover;--awb-width-large:100%;--awb-margin-top-large:0px;--awb-spacing-right-large:1.92%;--awb-margin-bottom-large:20px;--awb-spacing-left-large:1.92%;--awb-width-medium:100%;--awb-order-medium:0;--awb-spacing-right-medium:1.92%;--awb-spacing-left-medium:1.92%;--awb-width-small:100%;--awb-order-small:0;--awb-spacing-right-small:1.92%;--awb-spacing-left-small:1.92%;\"><div class=\"fusion-column-wrapper fusion-column-has-shadow fusion-flex-justify-content-flex-start fusion-content-layout-column\"><div class=\"fusion-text fusion-text-1\"><p>El Colegio de Abogados de la Provincia de Buenos Aires manifiesta su preocupaci\u00f3n ante la reciente reglamentaci\u00f3n del Decreto 809\/24, que implementa el DNU 70\/23 en materia de transporte a\u00e9reo.<\/p>\n<p>Esta normativa, en su art. 5 establece que no es necesaria la intervenci\u00f3n de abogados en los procesos de conciliaci\u00f3n, lo que conlleva la posible<strong> vulneraci\u00f3n de derechos<\/strong> a los consumidores por la posible Asimetr\u00eda Informativa en t\u00e9rminos de conocimiento t\u00e9cnico y legal frente a las aerol\u00edneas.<\/p>\n<p>Esto es as\u00ed porque las empresas cuentan con asesoramiento jur\u00eddico permanente ante los conflictos suscitados en el marco de los servicios que brindan.<\/p>\n<p><strong>Alertamos a los usuarios de la necesidad de contar con un abogado en estos procedimientos de conciliaci\u00f3n, para garantizar la protecci\u00f3n efectiva de sus derechos.<\/strong><\/p>\n<\/div><\/div><\/div><\/div><\/div>\n","protected":false},"excerpt":{"rendered":"","protected":false},"author":2,"featured_media":19428,"comment_status":"closed","ping_status":"closed","sticky":false,"template":"","format":"standard","meta":{"_exactmetrics_skip_tracking":false,"_exactmetrics_sitenote_active":false,"_exactmetrics_sitenote_note":"","_exactmetrics_sitenote_category":0,"footnotes":""},"categories":[1],"tags":[379,381,114,380],"class_list":["post-19427","post","type-post","status-publish","format-standard","has-post-thumbnail","hentry","category-noticias","tag-advierte","tag-aerea","tag-colproba","tag-concilacion"],"_links":{"self":[{"href":"https:\/\/colproba.org.ar\/l\/wp-json\/wp\/v2\/posts\/19427","targetHints":{"allow":["GET"]}}],"collection":[{"href":"https:\/\/colproba.org.ar\/l\/wp-json\/wp\/v2\/posts"}],"about":[{"href":"https:\/\/colproba.org.ar\/l\/wp-json\/wp\/v2\/types\/post"}],"author":[{"embeddable":true,"href":"https:\/\/colproba.org.ar\/l\/wp-json\/wp\/v2\/users\/2"}],"replies":[{"embeddable":true,"href":"https:\/\/colproba.org.ar\/l\/wp-json\/wp\/v2\/comments?post=19427"}],"version-history":[{"count":2,"href":"https:\/\/colproba.org.ar\/l\/wp-json\/wp\/v2\/posts\/19427\/revisions"}],"predecessor-version":[{"id":19430,"href":"https:\/\/colproba.org.ar\/l\/wp-json\/wp\/v2\/posts\/19427\/revisions\/19430"}],"wp:featuredmedia":[{"embeddable":true,"href":"https:\/\/colproba.org.ar\/l\/wp-json\/wp\/v2\/media\/19428"}],"wp:attachment":[{"href":"https:\/\/colproba.org.ar\/l\/wp-json\/wp\/v2\/media?parent=19427"}],"wp:term":[{"taxonomy":"category","embeddable":true,"href":"https:\/\/colproba.org.ar\/l\/wp-json\/wp\/v2\/categories?post=19427"},{"taxonomy":"post_tag","embeddable":true,"href":"https:\/\/colproba.org.ar\/l\/wp-json\/wp\/v2\/tags?post=19427"}],"curies":[{"name":"wp","href":"https:\/\/api.w.org\/{rel}","templated":true}]}}