{"id":19370,"date":"2024-09-13T18:43:40","date_gmt":"2024-09-13T21:43:40","guid":{"rendered":"https:\/\/colproba.org.ar\/l\/?p=19370"},"modified":"2024-09-13T20:22:59","modified_gmt":"2024-09-13T23:22:59","slug":"ciclo-de-conferencias-dialogos-a-30-anos-de-la-reforma-constitucional-en-bahia-blanca","status":"publish","type":"post","link":"https:\/\/colproba.org.ar\/l\/2024\/09\/13\/ciclo-de-conferencias-dialogos-a-30-anos-de-la-reforma-constitucional-en-bahia-blanca\/","title":{"rendered":"CICLO DE CONFERENCIAS \u201cDI\u00c1LOGOS A 30 A\u00d1OS DE LA REFORMA CONSTITUCIONAL\u201d EN BAH\u00cdA BLANCA"},"content":{"rendered":"<div class=\"fusion-fullwidth fullwidth-box fusion-builder-row-1 fusion-flex-container has-pattern-background has-mask-background nonhundred-percent-fullwidth non-hundred-percent-height-scrolling\" style=\"--awb-border-radius-top-left:0px;--awb-border-radius-top-right:0px;--awb-border-radius-bottom-right:0px;--awb-border-radius-bottom-left:0px;--awb-flex-wrap:wrap;\" ><div class=\"fusion-builder-row fusion-row fusion-flex-align-items-flex-start fusion-flex-content-wrap\" style=\"max-width:1248;margin-left: calc(-4% \/ 2 );margin-right: calc(-4% \/ 2 );\"><div class=\"fusion-layout-column fusion_builder_column fusion-builder-column-0 fusion_builder_column_1_1 1_1 fusion-flex-column\" style=\"--awb-bg-size:cover;--awb-width-large:100%;--awb-margin-top-large:0px;--awb-spacing-right-large:1.92%;--awb-margin-bottom-large:20px;--awb-spacing-left-large:1.92%;--awb-width-medium:100%;--awb-order-medium:0;--awb-spacing-right-medium:1.92%;--awb-spacing-left-medium:1.92%;--awb-width-small:100%;--awb-order-small:0;--awb-spacing-right-small:1.92%;--awb-spacing-left-small:1.92%;\"><div class=\"fusion-column-wrapper fusion-column-has-shadow fusion-flex-justify-content-flex-start fusion-content-layout-column\"><div class=\"fusion-text fusion-text-1\"><h4>Exposici\u00f3n del Dr. Fernando Soria<\/h4>\n<p>En el marco del ciclo de conferencias \u201cDi\u00e1logos a 30 A\u00f1os de la Reforma Constitucional\u201d organizado por el Colegio de Abogados de Bah\u00eda Blanca (CABB), el Dr. Fernando Soria, presidente de la Suprema Corte de Justicia de la Provincia de Buenos Aires (SCBA), disert\u00f3 sobre \u201cLa arquitectura del poder p\u00fablico en la Constituci\u00f3n provincial de 1994: Reformas concretadas y reformas frustradas\u201d. La conferencia se llev\u00f3 a cabo en el Auditorio H. Furlong de la sede colegial, donde el Dr. Soria ofreci\u00f3 una enriquecedora exposici\u00f3n sobre los cambios constitucionales y los desaf\u00edos que estos han presentado.<br \/>\nCharla con J\u00f3venes Abogados<\/p>\n<p>El Dr. Daniel Fernando Soria tambi\u00e9n particip\u00f3 en una charla con j\u00f3venes abogados del Departamento Judicial Bah\u00eda Blanca en el Caf\u00e9 del CABB \u201cMario F. Monacelli Erquiaga\u201d. Durante este di\u00e1logo, el Dr. Soria abord\u00f3 el m\u00e9todo de deliberaci\u00f3n de la Suprema Corte, as\u00ed como los casos emblem\u00e1ticos \u201cVerbitsky\u201d y \u201cBarrios\u201d. Este encuentro permiti\u00f3 conocer de cerca el funcionamiento y las decisiones m\u00e1s relevantes de la justicia provincial.<\/p>\n<h4>Conferencia del Dr. Horacio Rosatti<\/h4>\n<p>Un momento destacado fue la conferencia ofrecida por el Dr. Horacio Rosatti, presidente de la Corte Suprema de Justicia de la Naci\u00f3n, en el Auditorio H. Furlong. Ante una sala llena, el Dr. Rosatti reflexion\u00f3 sobre los avances y desaf\u00edos que enfrenta la Constituci\u00f3n Nacional 30 a\u00f1os despu\u00e9s de su hist\u00f3rica reforma. La conferencia reuni\u00f3 a m\u00e1s de 200 asistentes, incluidos autoridades municipales, miembros de la Suprema Corte de Justicia de la Provincia de Buenos Aires, y representantes de la Federaci\u00f3n Argentina de Colegios de Abogados y del Colegio de Abogados de la Provincia de Buenos Aires.<\/p>\n<p>El evento fue coorganizado, junto al Colegio de Abogados de Bah\u00eda Blanca, por el Departamento de Derecho de la Universidad Nacional del Sur y el Colegio de Magistrados y Funcionarios del Departamento Judicial de Bah\u00eda Blanca, generando un espacio de di\u00e1logo y an\u00e1lisis, que ha permitido una profunda reflexi\u00f3n sobre la reforma constitucional y su impacto en nuestro sistema judicial.<\/p>\n<p>Entre los asistentes destacaron:<\/p>\n<p>\u2022 Daniel Fernando Soria (Presidente SCBA)<br \/>\n\u2022 Hilda Kogan (Vicepresidenta SCBA)<br \/>\n\u2022 Sergio Gabriel Torres (Ministro SCBA)<br \/>\n\u2022 Julio Conte-Grand (Procurador General SCBA)<\/p>\n<\/div><div class=\"fusion-image-carousel fusion-image-carousel-auto fusion-image-carousel-1 fusion-carousel-border\"><div class=\"awb-carousel awb-swiper awb-swiper-carousel\" data-autoplay=\"yes\" data-columns=\"1\" data-itemmargin=\"13\" data-itemwidth=\"180\" data-touchscroll=\"no\" data-imagesize=\"auto\" style=\"--awb-columns:1;\"><div class=\"swiper-wrapper awb-image-carousel-wrapper fusion-flex-align-items-center\"><div class=\"swiper-slide\"><div class=\"fusion-carousel-item-wrapper\"><div class=\"fusion-image-wrapper hover-type-none\"><img decoding=\"async\" width=\"800\" height=\"533\" src=\"https:\/\/colproba.org.ar\/l\/wp-content\/uploads\/2024\/09\/DSC_0185.jpg\" class=\"attachment-full size-full\" alt=\"\" srcset=\"https:\/\/colproba.org.ar\/l\/wp-content\/uploads\/2024\/09\/DSC_0185-200x133.jpg 200w, https:\/\/colproba.org.ar\/l\/wp-content\/uploads\/2024\/09\/DSC_0185-300x200.jpg 300w, https:\/\/colproba.org.ar\/l\/wp-content\/uploads\/2024\/09\/DSC_0185-400x267.jpg 400w, https:\/\/colproba.org.ar\/l\/wp-content\/uploads\/2024\/09\/DSC_0185-600x400.jpg 600w, https:\/\/colproba.org.ar\/l\/wp-content\/uploads\/2024\/09\/DSC_0185-768x512.jpg 768w, https:\/\/colproba.org.ar\/l\/wp-content\/uploads\/2024\/09\/DSC_0185.jpg 800w\" sizes=\"(max-width: 800px) 100vw, 800px\" \/><\/div><\/div><\/div><div class=\"swiper-slide\"><div class=\"fusion-carousel-item-wrapper\"><div class=\"fusion-image-wrapper hover-type-none\"><img decoding=\"async\" width=\"800\" height=\"533\" src=\"https:\/\/colproba.org.ar\/l\/wp-content\/uploads\/2024\/09\/DSC_0201.jpg\" class=\"attachment-full size-full\" alt=\"\" srcset=\"https:\/\/colproba.org.ar\/l\/wp-content\/uploads\/2024\/09\/DSC_0201-200x133.jpg 200w, https:\/\/colproba.org.ar\/l\/wp-content\/uploads\/2024\/09\/DSC_0201-300x200.jpg 300w, https:\/\/colproba.org.ar\/l\/wp-content\/uploads\/2024\/09\/DSC_0201-400x267.jpg 400w, https:\/\/colproba.org.ar\/l\/wp-content\/uploads\/2024\/09\/DSC_0201-600x400.jpg 600w, https:\/\/colproba.org.ar\/l\/wp-content\/uploads\/2024\/09\/DSC_0201-768x512.jpg 768w, https:\/\/colproba.org.ar\/l\/wp-content\/uploads\/2024\/09\/DSC_0201.jpg 800w\" sizes=\"(max-width: 800px) 100vw, 800px\" \/><\/div><\/div><\/div><div class=\"swiper-slide\"><div class=\"fusion-carousel-item-wrapper\"><div class=\"fusion-image-wrapper hover-type-none\"><img decoding=\"async\" width=\"800\" height=\"533\" src=\"https:\/\/colproba.org.ar\/l\/wp-content\/uploads\/2024\/09\/DSC_0210.jpg\" class=\"attachment-full size-full\" alt=\"\" srcset=\"https:\/\/colproba.org.ar\/l\/wp-content\/uploads\/2024\/09\/DSC_0210-200x133.jpg 200w, https:\/\/colproba.org.ar\/l\/wp-content\/uploads\/2024\/09\/DSC_0210-300x200.jpg 300w, https:\/\/colproba.org.ar\/l\/wp-content\/uploads\/2024\/09\/DSC_0210-400x267.jpg 400w, https:\/\/colproba.org.ar\/l\/wp-content\/uploads\/2024\/09\/DSC_0210-600x400.jpg 600w, https:\/\/colproba.org.ar\/l\/wp-content\/uploads\/2024\/09\/DSC_0210-768x512.jpg 768w, https:\/\/colproba.org.ar\/l\/wp-content\/uploads\/2024\/09\/DSC_0210.jpg 800w\" sizes=\"(max-width: 800px) 100vw, 800px\" \/><\/div><\/div><\/div><div class=\"swiper-slide\"><div class=\"fusion-carousel-item-wrapper\"><div class=\"fusion-image-wrapper hover-type-none\"><img decoding=\"async\" width=\"800\" height=\"533\" src=\"https:\/\/colproba.org.ar\/l\/wp-content\/uploads\/2024\/09\/DSC_0211.jpg\" class=\"attachment-full size-full\" alt=\"\" srcset=\"https:\/\/colproba.org.ar\/l\/wp-content\/uploads\/2024\/09\/DSC_0211-200x133.jpg 200w, https:\/\/colproba.org.ar\/l\/wp-content\/uploads\/2024\/09\/DSC_0211-300x200.jpg 300w, https:\/\/colproba.org.ar\/l\/wp-content\/uploads\/2024\/09\/DSC_0211-400x267.jpg 400w, https:\/\/colproba.org.ar\/l\/wp-content\/uploads\/2024\/09\/DSC_0211-600x400.jpg 600w, https:\/\/colproba.org.ar\/l\/wp-content\/uploads\/2024\/09\/DSC_0211-768x512.jpg 768w, https:\/\/colproba.org.ar\/l\/wp-content\/uploads\/2024\/09\/DSC_0211.jpg 800w\" sizes=\"(max-width: 800px) 100vw, 800px\" \/><\/div><\/div><\/div><div class=\"swiper-slide\"><div class=\"fusion-carousel-item-wrapper\"><div class=\"fusion-image-wrapper hover-type-none\"><img decoding=\"async\" width=\"800\" height=\"533\" src=\"https:\/\/colproba.org.ar\/l\/wp-content\/uploads\/2024\/09\/DSC_0220.jpg\" class=\"attachment-full size-full\" alt=\"\" srcset=\"https:\/\/colproba.org.ar\/l\/wp-content\/uploads\/2024\/09\/DSC_0220-200x133.jpg 200w, https:\/\/colproba.org.ar\/l\/wp-content\/uploads\/2024\/09\/DSC_0220-300x200.jpg 300w, https:\/\/colproba.org.ar\/l\/wp-content\/uploads\/2024\/09\/DSC_0220-400x267.jpg 400w, https:\/\/colproba.org.ar\/l\/wp-content\/uploads\/2024\/09\/DSC_0220-600x400.jpg 600w, https:\/\/colproba.org.ar\/l\/wp-content\/uploads\/2024\/09\/DSC_0220-768x512.jpg 768w, https:\/\/colproba.org.ar\/l\/wp-content\/uploads\/2024\/09\/DSC_0220.jpg 800w\" sizes=\"(max-width: 800px) 100vw, 800px\" \/><\/div><\/div><\/div><div class=\"swiper-slide\"><div class=\"fusion-carousel-item-wrapper\"><div class=\"fusion-image-wrapper hover-type-none\"><img decoding=\"async\" width=\"800\" height=\"533\" src=\"https:\/\/colproba.org.ar\/l\/wp-content\/uploads\/2024\/09\/DSC_4587.jpg\" class=\"attachment-full size-full\" alt=\"\" srcset=\"https:\/\/colproba.org.ar\/l\/wp-content\/uploads\/2024\/09\/DSC_4587-200x133.jpg 200w, https:\/\/colproba.org.ar\/l\/wp-content\/uploads\/2024\/09\/DSC_4587-300x200.jpg 300w, https:\/\/colproba.org.ar\/l\/wp-content\/uploads\/2024\/09\/DSC_4587-400x267.jpg 400w, https:\/\/colproba.org.ar\/l\/wp-content\/uploads\/2024\/09\/DSC_4587-600x400.jpg 600w, https:\/\/colproba.org.ar\/l\/wp-content\/uploads\/2024\/09\/DSC_4587-768x512.jpg 768w, https:\/\/colproba.org.ar\/l\/wp-content\/uploads\/2024\/09\/DSC_4587.jpg 800w\" sizes=\"(max-width: 800px) 100vw, 800px\" \/><\/div><\/div><\/div><div class=\"swiper-slide\"><div class=\"fusion-carousel-item-wrapper\"><div class=\"fusion-image-wrapper hover-type-none\"><img decoding=\"async\" width=\"800\" height=\"533\" src=\"https:\/\/colproba.org.ar\/l\/wp-content\/uploads\/2024\/09\/DSC_4588.jpg\" class=\"attachment-full size-full\" alt=\"\" srcset=\"https:\/\/colproba.org.ar\/l\/wp-content\/uploads\/2024\/09\/DSC_4588-200x133.jpg 200w, https:\/\/colproba.org.ar\/l\/wp-content\/uploads\/2024\/09\/DSC_4588-300x200.jpg 300w, https:\/\/colproba.org.ar\/l\/wp-content\/uploads\/2024\/09\/DSC_4588-400x267.jpg 400w, https:\/\/colproba.org.ar\/l\/wp-content\/uploads\/2024\/09\/DSC_4588-600x400.jpg 600w, https:\/\/colproba.org.ar\/l\/wp-content\/uploads\/2024\/09\/DSC_4588-768x512.jpg 768w, https:\/\/colproba.org.ar\/l\/wp-content\/uploads\/2024\/09\/DSC_4588.jpg 800w\" sizes=\"(max-width: 800px) 100vw, 800px\" \/><\/div><\/div><\/div><div class=\"swiper-slide\"><div class=\"fusion-carousel-item-wrapper\"><div class=\"fusion-image-wrapper hover-type-none\"><img decoding=\"async\" width=\"800\" height=\"533\" src=\"https:\/\/colproba.org.ar\/l\/wp-content\/uploads\/2024\/09\/DSC_4594.jpg\" class=\"attachment-full size-full\" alt=\"\" srcset=\"https:\/\/colproba.org.ar\/l\/wp-content\/uploads\/2024\/09\/DSC_4594-200x133.jpg 200w, https:\/\/colproba.org.ar\/l\/wp-content\/uploads\/2024\/09\/DSC_4594-300x200.jpg 300w, https:\/\/colproba.org.ar\/l\/wp-content\/uploads\/2024\/09\/DSC_4594-400x267.jpg 400w, https:\/\/colproba.org.ar\/l\/wp-content\/uploads\/2024\/09\/DSC_4594-600x400.jpg 600w, https:\/\/colproba.org.ar\/l\/wp-content\/uploads\/2024\/09\/DSC_4594-768x512.jpg 768w, https:\/\/colproba.org.ar\/l\/wp-content\/uploads\/2024\/09\/DSC_4594.jpg 800w\" sizes=\"(max-width: 800px) 100vw, 800px\" \/><\/div><\/div><\/div><div class=\"swiper-slide\"><div class=\"fusion-carousel-item-wrapper\"><div class=\"fusion-image-wrapper hover-type-none\"><img decoding=\"async\" width=\"800\" height=\"533\" src=\"https:\/\/colproba.org.ar\/l\/wp-content\/uploads\/2024\/09\/DSC_4602-1.jpg\" class=\"attachment-full size-full\" alt=\"\" srcset=\"https:\/\/colproba.org.ar\/l\/wp-content\/uploads\/2024\/09\/DSC_4602-1-200x133.jpg 200w, https:\/\/colproba.org.ar\/l\/wp-content\/uploads\/2024\/09\/DSC_4602-1-300x200.jpg 300w, https:\/\/colproba.org.ar\/l\/wp-content\/uploads\/2024\/09\/DSC_4602-1-400x267.jpg 400w, https:\/\/colproba.org.ar\/l\/wp-content\/uploads\/2024\/09\/DSC_4602-1-600x400.jpg 600w, https:\/\/colproba.org.ar\/l\/wp-content\/uploads\/2024\/09\/DSC_4602-1-768x512.jpg 768w, https:\/\/colproba.org.ar\/l\/wp-content\/uploads\/2024\/09\/DSC_4602-1.jpg 800w\" sizes=\"(max-width: 800px) 100vw, 800px\" \/><\/div><\/div><\/div><div class=\"swiper-slide\"><div class=\"fusion-carousel-item-wrapper\"><div class=\"fusion-image-wrapper hover-type-none\"><img decoding=\"async\" width=\"800\" height=\"533\" src=\"https:\/\/colproba.org.ar\/l\/wp-content\/uploads\/2024\/09\/DSC_4603.jpg\" class=\"attachment-full size-full\" alt=\"\" srcset=\"https:\/\/colproba.org.ar\/l\/wp-content\/uploads\/2024\/09\/DSC_4603-200x133.jpg 200w, https:\/\/colproba.org.ar\/l\/wp-content\/uploads\/2024\/09\/DSC_4603-300x200.jpg 300w, https:\/\/colproba.org.ar\/l\/wp-content\/uploads\/2024\/09\/DSC_4603-400x267.jpg 400w, https:\/\/colproba.org.ar\/l\/wp-content\/uploads\/2024\/09\/DSC_4603-600x400.jpg 600w, https:\/\/colproba.org.ar\/l\/wp-content\/uploads\/2024\/09\/DSC_4603-768x512.jpg 768w, https:\/\/colproba.org.ar\/l\/wp-content\/uploads\/2024\/09\/DSC_4603.jpg 800w\" sizes=\"(max-width: 800px) 100vw, 800px\" \/><\/div><\/div><\/div><div class=\"swiper-slide\"><div class=\"fusion-carousel-item-wrapper\"><div class=\"fusion-image-wrapper hover-type-none\"><img decoding=\"async\" width=\"800\" height=\"533\" src=\"https:\/\/colproba.org.ar\/l\/wp-content\/uploads\/2024\/09\/DSC_4617.jpg\" class=\"attachment-full size-full\" alt=\"\" srcset=\"https:\/\/colproba.org.ar\/l\/wp-content\/uploads\/2024\/09\/DSC_4617-200x133.jpg 200w, https:\/\/colproba.org.ar\/l\/wp-content\/uploads\/2024\/09\/DSC_4617-300x200.jpg 300w, https:\/\/colproba.org.ar\/l\/wp-content\/uploads\/2024\/09\/DSC_4617-400x267.jpg 400w, https:\/\/colproba.org.ar\/l\/wp-content\/uploads\/2024\/09\/DSC_4617-600x400.jpg 600w, https:\/\/colproba.org.ar\/l\/wp-content\/uploads\/2024\/09\/DSC_4617-768x512.jpg 768w, https:\/\/colproba.org.ar\/l\/wp-content\/uploads\/2024\/09\/DSC_4617.jpg 800w\" sizes=\"(max-width: 800px) 100vw, 800px\" \/><\/div><\/div><\/div><div class=\"swiper-slide\"><div class=\"fusion-carousel-item-wrapper\"><div class=\"fusion-image-wrapper hover-type-none\"><img decoding=\"async\" width=\"800\" height=\"533\" src=\"https:\/\/colproba.org.ar\/l\/wp-content\/uploads\/2024\/09\/DSC_4690.jpg\" class=\"attachment-full size-full\" alt=\"\" srcset=\"https:\/\/colproba.org.ar\/l\/wp-content\/uploads\/2024\/09\/DSC_4690-200x133.jpg 200w, https:\/\/colproba.org.ar\/l\/wp-content\/uploads\/2024\/09\/DSC_4690-300x200.jpg 300w, https:\/\/colproba.org.ar\/l\/wp-content\/uploads\/2024\/09\/DSC_4690-400x267.jpg 400w, https:\/\/colproba.org.ar\/l\/wp-content\/uploads\/2024\/09\/DSC_4690-600x400.jpg 600w, https:\/\/colproba.org.ar\/l\/wp-content\/uploads\/2024\/09\/DSC_4690-768x512.jpg 768w, https:\/\/colproba.org.ar\/l\/wp-content\/uploads\/2024\/09\/DSC_4690.jpg 800w\" sizes=\"(max-width: 800px) 100vw, 800px\" \/><\/div><\/div><\/div><div class=\"swiper-slide\"><div class=\"fusion-carousel-item-wrapper\"><div class=\"fusion-image-wrapper hover-type-none\"><img decoding=\"async\" width=\"800\" height=\"533\" src=\"https:\/\/colproba.org.ar\/l\/wp-content\/uploads\/2024\/09\/DSC_4692.jpg\" class=\"attachment-full size-full\" alt=\"\" srcset=\"https:\/\/colproba.org.ar\/l\/wp-content\/uploads\/2024\/09\/DSC_4692-200x133.jpg 200w, https:\/\/colproba.org.ar\/l\/wp-content\/uploads\/2024\/09\/DSC_4692-300x200.jpg 300w, https:\/\/colproba.org.ar\/l\/wp-content\/uploads\/2024\/09\/DSC_4692-400x267.jpg 400w, https:\/\/colproba.org.ar\/l\/wp-content\/uploads\/2024\/09\/DSC_4692-600x400.jpg 600w, https:\/\/colproba.org.ar\/l\/wp-content\/uploads\/2024\/09\/DSC_4692-768x512.jpg 768w, https:\/\/colproba.org.ar\/l\/wp-content\/uploads\/2024\/09\/DSC_4692.jpg 800w\" sizes=\"(max-width: 800px) 100vw, 800px\" \/><\/div><\/div><\/div><div class=\"swiper-slide\"><div class=\"fusion-carousel-item-wrapper\"><div class=\"fusion-image-wrapper hover-type-none\"><img decoding=\"async\" width=\"800\" height=\"533\" src=\"https:\/\/colproba.org.ar\/l\/wp-content\/uploads\/2024\/09\/DSC_4714-1.jpg\" class=\"attachment-full size-full\" alt=\"\" srcset=\"https:\/\/colproba.org.ar\/l\/wp-content\/uploads\/2024\/09\/DSC_4714-1-200x133.jpg 200w, https:\/\/colproba.org.ar\/l\/wp-content\/uploads\/2024\/09\/DSC_4714-1-300x200.jpg 300w, https:\/\/colproba.org.ar\/l\/wp-content\/uploads\/2024\/09\/DSC_4714-1-400x267.jpg 400w, https:\/\/colproba.org.ar\/l\/wp-content\/uploads\/2024\/09\/DSC_4714-1-600x400.jpg 600w, https:\/\/colproba.org.ar\/l\/wp-content\/uploads\/2024\/09\/DSC_4714-1-768x512.jpg 768w, https:\/\/colproba.org.ar\/l\/wp-content\/uploads\/2024\/09\/DSC_4714-1.jpg 800w\" sizes=\"(max-width: 800px) 100vw, 800px\" \/><\/div><\/div><\/div><div class=\"swiper-slide\"><div class=\"fusion-carousel-item-wrapper\"><div class=\"fusion-image-wrapper hover-type-none\"><img decoding=\"async\" width=\"800\" height=\"533\" src=\"https:\/\/colproba.org.ar\/l\/wp-content\/uploads\/2024\/09\/DSC_4714.jpg\" class=\"attachment-full size-full\" alt=\"\" srcset=\"https:\/\/colproba.org.ar\/l\/wp-content\/uploads\/2024\/09\/DSC_4714-200x133.jpg 200w, https:\/\/colproba.org.ar\/l\/wp-content\/uploads\/2024\/09\/DSC_4714-300x200.jpg 300w, https:\/\/colproba.org.ar\/l\/wp-content\/uploads\/2024\/09\/DSC_4714-400x267.jpg 400w, https:\/\/colproba.org.ar\/l\/wp-content\/uploads\/2024\/09\/DSC_4714-600x400.jpg 600w, https:\/\/colproba.org.ar\/l\/wp-content\/uploads\/2024\/09\/DSC_4714-768x512.jpg 768w, https:\/\/colproba.org.ar\/l\/wp-content\/uploads\/2024\/09\/DSC_4714.jpg 800w\" sizes=\"(max-width: 800px) 100vw, 800px\" \/><\/div><\/div><\/div><\/div><div class=\"awb-swiper-button awb-swiper-button-prev\"><i class=\"awb-icon-angle-left\" aria-hidden=\"true\"><\/i><\/div><div class=\"awb-swiper-button awb-swiper-button-next\"><i class=\"awb-icon-angle-right\" aria-hidden=\"true\"><\/i><\/div><\/div><\/div><\/div><\/div><\/div><\/div>\n","protected":false},"excerpt":{"rendered":"","protected":false},"author":2,"featured_media":19387,"comment_status":"closed","ping_status":"closed","sticky":false,"template":"","format":"standard","meta":{"_exactmetrics_skip_tracking":false,"_exactmetrics_sitenote_active":false,"_exactmetrics_sitenote_note":"","_exactmetrics_sitenote_category":0,"footnotes":""},"categories":[1],"tags":[377,114,378,376,298],"class_list":["post-19370","post","type-post","status-publish","format-standard","has-post-thumbnail","hentry","category-noticias","tag-cabb","tag-colproba","tag-reforma-constitucional","tag-rosatti","tag-soria"],"_links":{"self":[{"href":"https:\/\/colproba.org.ar\/l\/wp-json\/wp\/v2\/posts\/19370","targetHints":{"allow":["GET"]}}],"collection":[{"href":"https:\/\/colproba.org.ar\/l\/wp-json\/wp\/v2\/posts"}],"about":[{"href":"https:\/\/colproba.org.ar\/l\/wp-json\/wp\/v2\/types\/post"}],"author":[{"embeddable":true,"href":"https:\/\/colproba.org.ar\/l\/wp-json\/wp\/v2\/users\/2"}],"replies":[{"embeddable":true,"href":"https:\/\/colproba.org.ar\/l\/wp-json\/wp\/v2\/comments?post=19370"}],"version-history":[{"count":3,"href":"https:\/\/colproba.org.ar\/l\/wp-json\/wp\/v2\/posts\/19370\/revisions"}],"predecessor-version":[{"id":19421,"href":"https:\/\/colproba.org.ar\/l\/wp-json\/wp\/v2\/posts\/19370\/revisions\/19421"}],"wp:featuredmedia":[{"embeddable":true,"href":"https:\/\/colproba.org.ar\/l\/wp-json\/wp\/v2\/media\/19387"}],"wp:attachment":[{"href":"https:\/\/colproba.org.ar\/l\/wp-json\/wp\/v2\/media?parent=19370"}],"wp:term":[{"taxonomy":"category","embeddable":true,"href":"https:\/\/colproba.org.ar\/l\/wp-json\/wp\/v2\/categories?post=19370"},{"taxonomy":"post_tag","embeddable":true,"href":"https:\/\/colproba.org.ar\/l\/wp-json\/wp\/v2\/tags?post=19370"}],"curies":[{"name":"wp","href":"https:\/\/api.w.org\/{rel}","templated":true}]}}