{"id":15864,"date":"2020-06-03T14:09:17","date_gmt":"2020-06-03T17:09:17","guid":{"rendered":"http:\/\/colproba.org.ar\/j\/?p=15864"},"modified":"2020-06-03T14:09:17","modified_gmt":"2020-06-03T17:09:17","slug":"15864","status":"publish","type":"post","link":"https:\/\/colproba.org.ar\/l\/2020\/06\/03\/15864\/","title":{"rendered":""},"content":{"rendered":"<div class=\"fusion-fullwidth fullwidth-box fusion-builder-row-1 fusion-flex-container nonhundred-percent-fullwidth non-hundred-percent-height-scrolling\" style=\"--awb-border-radius-top-left:0px;--awb-border-radius-top-right:0px;--awb-border-radius-bottom-right:0px;--awb-border-radius-bottom-left:0px;--awb-flex-wrap:wrap;\" ><div class=\"fusion-builder-row fusion-row fusion-flex-align-items-flex-start fusion-flex-content-wrap\" style=\"max-width:calc( 1200 + 0px );margin-left: calc(-0px \/ 2 );margin-right: calc(-0px \/ 2 );\"><div class=\"fusion-layout-column fusion_builder_column fusion-builder-column-0 fusion_builder_column_1_1 1_1 fusion-flex-column\" style=\"--awb-bg-size:cover;--awb-width-large:100%;--awb-margin-top-large:0px;--awb-spacing-right-large:0px;--awb-margin-bottom-large:20px;--awb-spacing-left-large:0px;--awb-width-medium:100%;--awb-spacing-right-medium:0px;--awb-spacing-left-medium:0px;--awb-width-small:100%;--awb-spacing-right-small:0px;--awb-spacing-left-small:0px;\"><div class=\"fusion-column-wrapper fusion-column-has-shadow fusion-flex-justify-content-flex-start fusion-content-layout-column\"><div class=\"fusion-text fusion-text-1\"><p>El Colegio de Abogados de la Provincia de Buenos Aires, a partir de la decisi\u00f3n un\u00e1nime de los 20 Colegios de Abogados departamentales que lo integran, ha iniciado una acci\u00f3n judicial a efectos de resguardar los derechos, intereses, garant\u00edas constitucionales, convencionales y legales pluri-individuales y homog\u00e9neos de los abogados y las abogadas matriculados\/as.<\/p>\n<p>En la presentaci\u00f3n realizada se solicit\u00f3 que se resuelva -en forma expresa- la petici\u00f3n articulada ante el Poder Ejecutivo Provincial en fecha 14\/4\/20, por medio del que se requiriera la excepci\u00f3n al Aislamiento Social Preventivo y Obligatorio, para posibilitar la libre circulaci\u00f3n de los\/as abogados\/as en el ejercicio de la profesi\u00f3n en todo el territorio provincial, as\u00ed como la concurrencia a los estudios profesionales a los fines de cumplimiento de aquellos actos propios de \u00e9sta, bajo un estricto protocolo sanitario.<\/p>\n<p>En ese contexto, el Poder Ejecutivo provincial \u2013-dentro del \u00e1mbito de su competencia propia o posibilitando la intervenci\u00f3n de la Jefatura de Ministros de la Naci\u00f3n, y a pesar de algunas excepciones parciales dictadas para diferentes municipios- no ha resuelto en forma global al planteo realizado, el que involucra a la totalidad de los\/as abogados\/as de la Provincia y la posibilidad efectiva del pleno ejercicio de la profesi\u00f3n en resguardo de los derechos de la ciudadan\u00eda.<\/p>\n<p>Menos a\u00fan se ha dado respuesta a dicho reclamo, impidi\u00e9ndonos conocer cu\u00e1les resultan ser los criterios t\u00e9cnicos y\/o los fundamentos jur\u00eddico-f\u00e1cticos acerca de dicho tratamiento no igualitario, no s\u00f3lo en lo territorial sino tambi\u00e9n respecto de otras profesiones asimilables en sus modalidades de ejercicio<strong>.<\/strong><\/p>\n<p>Dichas omisiones -formales y materiales- conllevan un obrar antijur\u00eddico afectando manifiestamente el ejercicio profesional de nuestros representados\/as, y adicionalmente, frustran e impiden que la Justicia provincial funcione adecuadamente<\/p>\n<\/div><\/div><\/div><\/div><\/div>\n","protected":false},"excerpt":{"rendered":"","protected":false},"author":2,"featured_media":15865,"comment_status":"closed","ping_status":"closed","sticky":false,"template":"","format":"standard","meta":{"_exactmetrics_skip_tracking":false,"_exactmetrics_sitenote_active":false,"_exactmetrics_sitenote_note":"","_exactmetrics_sitenote_category":0,"footnotes":""},"categories":[1],"tags":[],"class_list":["post-15864","post","type-post","status-publish","format-standard","has-post-thumbnail","hentry","category-noticias"],"_links":{"self":[{"href":"https:\/\/colproba.org.ar\/l\/wp-json\/wp\/v2\/posts\/15864","targetHints":{"allow":["GET"]}}],"collection":[{"href":"https:\/\/colproba.org.ar\/l\/wp-json\/wp\/v2\/posts"}],"about":[{"href":"https:\/\/colproba.org.ar\/l\/wp-json\/wp\/v2\/types\/post"}],"author":[{"embeddable":true,"href":"https:\/\/colproba.org.ar\/l\/wp-json\/wp\/v2\/users\/2"}],"replies":[{"embeddable":true,"href":"https:\/\/colproba.org.ar\/l\/wp-json\/wp\/v2\/comments?post=15864"}],"version-history":[{"count":1,"href":"https:\/\/colproba.org.ar\/l\/wp-json\/wp\/v2\/posts\/15864\/revisions"}],"predecessor-version":[{"id":15866,"href":"https:\/\/colproba.org.ar\/l\/wp-json\/wp\/v2\/posts\/15864\/revisions\/15866"}],"wp:featuredmedia":[{"embeddable":true,"href":"https:\/\/colproba.org.ar\/l\/wp-json\/wp\/v2\/media\/15865"}],"wp:attachment":[{"href":"https:\/\/colproba.org.ar\/l\/wp-json\/wp\/v2\/media?parent=15864"}],"wp:term":[{"taxonomy":"category","embeddable":true,"href":"https:\/\/colproba.org.ar\/l\/wp-json\/wp\/v2\/categories?post=15864"},{"taxonomy":"post_tag","embeddable":true,"href":"https:\/\/colproba.org.ar\/l\/wp-json\/wp\/v2\/tags?post=15864"}],"curies":[{"name":"wp","href":"https:\/\/api.w.org\/{rel}","templated":true}]}}